{"id":93,"date":"2010-01-16T16:44:25","date_gmt":"2010-01-16T16:44:25","guid":{"rendered":"http:\/\/danielbehmenburg.wordpress.com\/?p=93"},"modified":"2010-01-16T16:44:25","modified_gmt":"2010-01-16T16:44:25","slug":"startschuss-furs-kulturhauptstadtjahr-in-kettwig","status":"publish","type":"post","link":"https:\/\/daniel-behmenburg.de\/?p=93","title":{"rendered":"Startschuss f\u00fcrs Kulturhauptstadtjahr in Kettwig"},"content":{"rendered":"\n\t\t<style type=\"text\/css\">\n\t\t\t#gallery-1 {\n\t\t\t\tmargin: auto;\n\t\t\t}\n\t\t\t#gallery-1 .gallery-item {\n\t\t\t\tfloat: left;\n\t\t\t\tmargin-top: 10px;\n\t\t\t\ttext-align: center;\n\t\t\t\twidth: 33%;\n\t\t\t}\n\t\t\t#gallery-1 img {\n\t\t\t\tborder: 2px solid #cfcfcf;\n\t\t\t}\n\t\t\t#gallery-1 .gallery-caption {\n\t\t\t\tmargin-left: 0;\n\t\t\t}\n\t\t\t\/* see gallery_shortcode() in wp-includes\/media.php *\/\n\t\t<\/style>\n\t\t<div id='gallery-1' class='gallery galleryid-93 gallery-columns-3 gallery-size-thumbnail'><dl class='gallery-item'>\n\t\t\t<dt class='gallery-icon landscape'>\n\t\t\t\t<a href='https:\/\/daniel-behmenburg.de\/?attachment_id=91'><img loading=\"lazy\" decoding=\"async\" width=\"150\" height=\"150\" src=\"https:\/\/daniel-behmenburg.de\/wp-content\/uploads\/2010\/01\/dsc_29991-150x150.jpg\" class=\"attachment-thumbnail size-thumbnail\" alt=\"\" srcset=\"https:\/\/daniel-behmenburg.de\/wp-content\/uploads\/2010\/01\/dsc_29991-150x150.jpg 150w, https:\/\/daniel-behmenburg.de\/wp-content\/uploads\/2010\/01\/dsc_29991-100x100.jpg 100w\" sizes=\"auto, (max-width: 150px) 100vw, 150px\" \/><\/a>\n\t\t\t<\/dt><\/dl><dl class='gallery-item'>\n\t\t\t<dt class='gallery-icon portrait'>\n\t\t\t\t<a href='https:\/\/daniel-behmenburg.de\/?attachment_id=92'><img loading=\"lazy\" decoding=\"async\" width=\"150\" height=\"150\" src=\"https:\/\/daniel-behmenburg.de\/wp-content\/uploads\/2010\/01\/dsc_30251-150x150.jpg\" class=\"attachment-thumbnail size-thumbnail\" alt=\"\" srcset=\"https:\/\/daniel-behmenburg.de\/wp-content\/uploads\/2010\/01\/dsc_30251-150x150.jpg 150w, https:\/\/daniel-behmenburg.de\/wp-content\/uploads\/2010\/01\/dsc_30251-100x100.jpg 100w\" sizes=\"auto, (max-width: 150px) 100vw, 150px\" \/><\/a>\n\t\t\t<\/dt><\/dl>\n\t\t\t<br style='clear: both' \/>\n\t\t<\/div>\n\n<p>Heute hat Kettwig &#8222;Flagge&#8220; gezeigt und mit dem traditionellen Neujahrsempfang der B\u00fcrgervereine das Kulturhauptstadtjahr f\u00fcr die Gartenstadt er\u00f6ffnet. Ich w\u00fcnsche ein erfolgreiches und nachhaltiges Jahr!<\/p>\n","protected":false},"excerpt":{"rendered":"<p>Heute hat Kettwig &#8222;Flagge&#8220; gezeigt und mit dem traditionellen Neujahrsempfang der B\u00fcrgervereine das Kulturhauptstadtjahr f\u00fcr die Gartenstadt er\u00f6ffnet. Ich w\u00fcnsche ein erfolgreiches und nachhaltiges Jahr!<\/p>\n","protected":false},"author":1,"featured_media":0,"comment_status":"open","ping_status":"open","sticky":false,"template":"","format":"standard","meta":{"footnotes":""},"categories":[38],"tags":[],"class_list":["post-93","post","type-post","status-publish","format-standard","hentry","category-stadt-land-ruhr"],"_links":{"self":[{"href":"https:\/\/daniel-behmenburg.de\/index.php?rest_route=\/wp\/v2\/posts\/93","targetHints":{"allow":["GET"]}}],"collection":[{"href":"https:\/\/daniel-behmenburg.de\/index.php?rest_route=\/wp\/v2\/posts"}],"about":[{"href":"https:\/\/daniel-behmenburg.de\/index.php?rest_route=\/wp\/v2\/types\/post"}],"author":[{"embeddable":true,"href":"https:\/\/daniel-behmenburg.de\/index.php?rest_route=\/wp\/v2\/users\/1"}],"replies":[{"embeddable":true,"href":"https:\/\/daniel-behmenburg.de\/index.php?rest_route=%2Fwp%2Fv2%2Fcomments&post=93"}],"version-history":[{"count":0,"href":"https:\/\/daniel-behmenburg.de\/index.php?rest_route=\/wp\/v2\/posts\/93\/revisions"}],"wp:attachment":[{"href":"https:\/\/daniel-behmenburg.de\/index.php?rest_route=%2Fwp%2Fv2%2Fmedia&parent=93"}],"wp:term":[{"taxonomy":"category","embeddable":true,"href":"https:\/\/daniel-behmenburg.de\/index.php?rest_route=%2Fwp%2Fv2%2Fcategories&post=93"},{"taxonomy":"post_tag","embeddable":true,"href":"https:\/\/daniel-behmenburg.de\/index.php?rest_route=%2Fwp%2Fv2%2Ftags&post=93"}],"curies":[{"name":"wp","href":"https:\/\/api.w.org\/{rel}","templated":true}]}}