{"id":9,"date":"2007-11-14T11:00:00","date_gmt":"2007-11-14T11:00:00","guid":{"rendered":"http:\/\/danielbehmenburg.wordpress.com\/2007\/11\/14\/spd-fraktion-im-bezirk-ladt-zur-burgersprechstunde"},"modified":"2007-11-14T11:00:00","modified_gmt":"2007-11-14T11:00:00","slug":"spd-fraktion-im-bezirk-ladt-zur-burgersprechstunde","status":"publish","type":"post","link":"https:\/\/daniel-behmenburg.de\/?p=9","title":{"rendered":"SPD Fraktion im Bezirk l\u00e4dt zur B\u00fcrgersprechstunde"},"content":{"rendered":"<p>Zu ihrer ersten B\u00fcrgersprechstunde l\u00e4dt die SPD-Fraktion im Bezirk IX alle interessierten B\u00fcrgerinnen und B\u00fcrger ein. Dazu die Fraktionsvorsitzende Annette Uttendorfer: \u201eDie Meinung der Menschen hier vor Ort ist uns wichtig, denn f\u00fcr sie machen wir Politik! Wir wollen mit der B\u00fcrgersprechstunde den B\u00fcrgern die M\u00f6glichkeit bieten, uns au\u00dferhalb von starren Sitzungen Probleme im Stadtteil mitzuteilen &#8211; uns zu sagen, wo der Schuh dr\u00fcckt.\u201c<\/p>\n<p>\u201eEigentlich ist es nicht nur eine B\u00fcrgersprechstunde, sondern auch eine Politikersprechstunde, denn nat\u00fcrlich stehen wir auch Rede und Antwort, zum Beispiel zu bestimmten Themen und Beschl\u00fcssen der letzten Sitzung der Bezirksvertretung.\u201c erg\u00e4nzt Fraktionsmitglied Daniel Behmenburg.<\/p>\n<p>\u201eDamit sich die Anregungen der B\u00fcrgerinnen und B\u00fcrger auch weit gef\u00e4chert im Stadtteil wiederfinden, werden nat\u00fcrlich auch die SPD-Ortsvereine aus dem Bezirk in die Sprechstunden mit eingebunden.\u201c so Harald Neef, ebenfalls SPD-Bezirksvertreter im Bezirk.<\/p>\n<p>Die B\u00fcrgersprechstunde findet einmal Monat (au\u00dferhalb der Ferien) statt und zwar immer am Donnerstag nach Sitzung der Bezirksvertretung (letzter Dienstag im Monat). An dieser Terminfestlegung m\u00f6chte man sich auch in sitzungsfreien Monaten orientieren. Als Team wird man immer im Wechsel die Stadtteile bereisen, beginnen wir die Reihe der B\u00fcrgersprechstunden in Bredeney.<\/p>\n<p>Die erste B\u00fcrgersprechstunde findet statt am 29. November 2007 von 17.30 Uhr bis 18.30 Uhr in Werden statt. Die weiteren Termine sind:  31. Januar 2008 (in Bredeney) und 28. Februar 2008 (in Kettwig).<\/p>\n","protected":false},"excerpt":{"rendered":"<p>Zu ihrer ersten B\u00fcrgersprechstunde l\u00e4dt die SPD-Fraktion im Bezirk IX alle interessierten B\u00fcrgerinnen und B\u00fcrger ein. Dazu die Fraktionsvorsitzende Annette Uttendorfer: \u201eDie Meinung der Menschen hier vor Ort ist uns wichtig, denn f\u00fcr sie machen wir Politik! Wir wollen mit der B\u00fcrgersprechstunde den B\u00fcrgern die M\u00f6glichkeit bieten, uns au\u00dferhalb von [&hellip;]<\/p>\n","protected":false},"author":1,"featured_media":0,"comment_status":"open","ping_status":"open","sticky":false,"template":"","format":"standard","meta":{"footnotes":""},"categories":[5],"tags":[],"class_list":["post-9","post","type-post","status-publish","format-standard","hentry","category-bv-ix"],"_links":{"self":[{"href":"https:\/\/daniel-behmenburg.de\/index.php?rest_route=\/wp\/v2\/posts\/9","targetHints":{"allow":["GET"]}}],"collection":[{"href":"https:\/\/daniel-behmenburg.de\/index.php?rest_route=\/wp\/v2\/posts"}],"about":[{"href":"https:\/\/daniel-behmenburg.de\/index.php?rest_route=\/wp\/v2\/types\/post"}],"author":[{"embeddable":true,"href":"https:\/\/daniel-behmenburg.de\/index.php?rest_route=\/wp\/v2\/users\/1"}],"replies":[{"embeddable":true,"href":"https:\/\/daniel-behmenburg.de\/index.php?rest_route=%2Fwp%2Fv2%2Fcomments&post=9"}],"version-history":[{"count":0,"href":"https:\/\/daniel-behmenburg.de\/index.php?rest_route=\/wp\/v2\/posts\/9\/revisions"}],"wp:attachment":[{"href":"https:\/\/daniel-behmenburg.de\/index.php?rest_route=%2Fwp%2Fv2%2Fmedia&parent=9"}],"wp:term":[{"taxonomy":"category","embeddable":true,"href":"https:\/\/daniel-behmenburg.de\/index.php?rest_route=%2Fwp%2Fv2%2Fcategories&post=9"},{"taxonomy":"post_tag","embeddable":true,"href":"https:\/\/daniel-behmenburg.de\/index.php?rest_route=%2Fwp%2Fv2%2Ftags&post=9"}],"curies":[{"name":"wp","href":"https:\/\/api.w.org\/{rel}","templated":true}]}}