{"id":8,"date":"2007-08-29T10:00:00","date_gmt":"2007-08-29T10:00:00","guid":{"rendered":"http:\/\/danielbehmenburg.wordpress.com\/2007\/08\/29\/arroganz-der-macht-cdu-fraktion-verhindert-erneut-resolution-fur-das-burgeramt"},"modified":"2007-08-29T10:00:00","modified_gmt":"2007-08-29T10:00:00","slug":"arroganz-der-macht-cdu-fraktion-verhindert-erneut-resolution-fur-das-burgeramt","status":"publish","type":"post","link":"https:\/\/daniel-behmenburg.de\/?p=8","title":{"rendered":"Arroganz der Macht &#8211; CDU-Fraktion verhindert erneut Resolution f\u00fcr das B\u00fcrgeramt"},"content":{"rendered":"<p>Wiederholt wurde am vergangenen Dienstag in der Bezirksvertretung IX ein Antrag auf Erhaltung des B\u00fcrgeramtes sowie eine damit verbundene Anfrage an die Verwaltung durch die CDU-Fraktion verhindert &#8211; Und das obwohl sich die CDU (als Partei) im Bezirk f\u00fcr eine Erhaltung ausgesprochen hat. Auch die CDU-Fraktionen in den anderen betroffenen Stadtbezirken VI und VIII haben sich f\u00fcr die Erhaltung ihres B\u00fcrgeramtes stark gemacht.<\/p>\n<p>Dazu der Kettwiger Bezirksvertreter Harald Neef: \u201eIch kann die Entscheidung der CDU nicht nachvollziehen. Wir haben extra die Formulierungen der CDU-Fraktionen aus anderen Bezirken \u00fcbernommen, um den hiesigen Christdemokraten ein Zustimmen zu erleichtern. Hier wurde wiederholt ein sinnvoller Antrag f\u00fcr unseren Bezirk und gerade f\u00fcr Kettwig durch die Mehrheitsfraktion abgelehnt \u2013 und das ohne sinnvollen Grund. Jeglicher Impuls, der von anderen eingebracht wird, steht f\u00fcr die CDU im Bezirk sofort auf der Abschussliste. Aus reinem machtpolitischem Interesse wurden hier auch \u00fcber 4600 Unterschriften von besorgten B\u00fcrgerinnen und B\u00fcrgern einfach zur Seite gefegt. Das hat nichts mit verantwortungsvollem Umgang mit politischer Macht zu tun &#8211; und auch nichts mit B\u00fcrgern\u00e4he!\u201c<\/p>\n<p>\u201eBewundernswert ist hier die Begr\u00fcndung, jeder Akrobat w\u00e4re neidisch auf solche Verrenkungen!\u201c ereifert sich auch Neefs Fraktionskollege Daniel Behmenburg, \u201eDie Vertreter CDU wollten uns hier wirklich erkl\u00e4ren, dass sie als Parteimitglieder fr\u00fchzeitig f\u00fcr eine Erhaltung der B\u00fcrger\u00e4mter einstehen, als Bezirksvertreter aber nicht. &#8211; \u00dcber Glaubw\u00fcrdigkeit wird der B\u00fcrger an der Wahlurne entscheiden! Auch verwunderlich ist die Ansicht, dass man als Politiker erst Impulse setzen d\u00fcrfe, wenn die Verwaltung wortw\u00f6rtlich in Vorlage getreten. Wir als SPD haben da eine andere Ansicht, wir wollen nicht warten, bis Fakten geschaffen wurden, wir wollen der Verwaltung fr\u00fchzeitig Wegmarken setzen, denn die Politik gibt den Weg vor, nicht andersrum.\u201c<\/p>\n<p>Die SPD-Fraktion im Bezirk wird sich weiterhin f\u00fcr den Erhalt des B\u00fcrgeramtes in Kettwig einsetzen und die Verwaltung endlich zu einer ausgiebigen Stellungnahme anhalten.<\/p>\n","protected":false},"excerpt":{"rendered":"<p>Wiederholt wurde am vergangenen Dienstag in der Bezirksvertretung IX ein Antrag auf Erhaltung des B\u00fcrgeramtes sowie eine damit verbundene Anfrage an die Verwaltung durch die CDU-Fraktion verhindert &#8211; Und das obwohl sich die CDU (als Partei) im Bezirk f\u00fcr eine Erhaltung ausgesprochen hat. Auch die CDU-Fraktionen in den anderen betroffenen [&hellip;]<\/p>\n","protected":false},"author":1,"featured_media":0,"comment_status":"open","ping_status":"open","sticky":false,"template":"","format":"standard","meta":{"footnotes":""},"categories":[5,6],"tags":[],"class_list":["post-8","post","type-post","status-publish","format-standard","hentry","category-bv-ix","category-kettwig"],"_links":{"self":[{"href":"https:\/\/daniel-behmenburg.de\/index.php?rest_route=\/wp\/v2\/posts\/8","targetHints":{"allow":["GET"]}}],"collection":[{"href":"https:\/\/daniel-behmenburg.de\/index.php?rest_route=\/wp\/v2\/posts"}],"about":[{"href":"https:\/\/daniel-behmenburg.de\/index.php?rest_route=\/wp\/v2\/types\/post"}],"author":[{"embeddable":true,"href":"https:\/\/daniel-behmenburg.de\/index.php?rest_route=\/wp\/v2\/users\/1"}],"replies":[{"embeddable":true,"href":"https:\/\/daniel-behmenburg.de\/index.php?rest_route=%2Fwp%2Fv2%2Fcomments&post=8"}],"version-history":[{"count":0,"href":"https:\/\/daniel-behmenburg.de\/index.php?rest_route=\/wp\/v2\/posts\/8\/revisions"}],"wp:attachment":[{"href":"https:\/\/daniel-behmenburg.de\/index.php?rest_route=%2Fwp%2Fv2%2Fmedia&parent=8"}],"wp:term":[{"taxonomy":"category","embeddable":true,"href":"https:\/\/daniel-behmenburg.de\/index.php?rest_route=%2Fwp%2Fv2%2Fcategories&post=8"},{"taxonomy":"post_tag","embeddable":true,"href":"https:\/\/daniel-behmenburg.de\/index.php?rest_route=%2Fwp%2Fv2%2Ftags&post=8"}],"curies":[{"name":"wp","href":"https:\/\/api.w.org\/{rel}","templated":true}]}}