{"id":734,"date":"2020-06-22T09:00:00","date_gmt":"2020-06-22T09:00:00","guid":{"rendered":"https:\/\/danielbehmenburg.wordpress.com\/?p=734"},"modified":"2020-12-23T11:57:48","modified_gmt":"2020-12-23T11:57:48","slug":"da-hatten-wir-auf-einmal-4-wahlkreise","status":"publish","type":"post","link":"https:\/\/daniel-behmenburg.de\/?p=734","title":{"rendered":"Da hatten wir auf einmal 4 Wahlkreise &#8230;"},"content":{"rendered":"\n<figure class=\"wp-block-image size-large is-resized\"><img loading=\"lazy\" decoding=\"async\" src=\"http:\/\/daniel-behmenburg.de\/wp-content\/uploads\/2020\/06\/Karte-Kommunalwahlbezirke-722x1024.jpg\" alt=\"\" class=\"wp-image-1014\" width=\"580\" height=\"822\" srcset=\"https:\/\/daniel-behmenburg.de\/wp-content\/uploads\/2020\/06\/Karte-Kommunalwahlbezirke-722x1024.jpg 722w, https:\/\/daniel-behmenburg.de\/wp-content\/uploads\/2020\/06\/Karte-Kommunalwahlbezirke-211x300.jpg 211w, https:\/\/daniel-behmenburg.de\/wp-content\/uploads\/2020\/06\/Karte-Kommunalwahlbezirke-768x1090.jpg 768w, https:\/\/daniel-behmenburg.de\/wp-content\/uploads\/2020\/06\/Karte-Kommunalwahlbezirke-1083x1536.jpg 1083w, https:\/\/daniel-behmenburg.de\/wp-content\/uploads\/2020\/06\/Karte-Kommunalwahlbezirke-1444x2048.jpg 1444w, https:\/\/daniel-behmenburg.de\/wp-content\/uploads\/2020\/06\/Karte-Kommunalwahlbezirke-scaled.jpg 1804w\" sizes=\"auto, (max-width: 580px) 100vw, 580px\" \/><figcaption>Quelle: Stadt Essen<\/figcaption><\/figure>\n\n\n<p>Die Stadt Essen ist in 41 Kommunalwahlbezirke eingeteilt. Jeder Kommunalwahlbezirk sollte ungef\u00e4hr gleich viel B\u00fcrgerinnen und B\u00fcrger umfassen (eine Abweichung von bis zu +\/- 25% vom Durchschnittswert war m\u00f6glich). Ganz einfach gesagt z\u00e4hlten hierf\u00fcr bisher a<\/p>\n<p>lle in dem Wahlbezirk lebenden Menschen. Aufgrund einer \u00c4nderung des Landesgesetzgebers z\u00e4hlen ab der Kommunalwahl 2020 nur noch die EU-B\u00fcrgerinnen und -B\u00fcrger (\u00fcber Sinn oder Unsinn dieser Neuregelung m\u00f6chte ich aus Gr\u00fcnden der \u00dcbersichtlichkeit hier nicht diskutieren.<\/p>\n<p>Diese \u00c4nderung des Landesgesetzgebers hatte zur Folge, dass viele Kommunalwahlbezirke nun deutlich zu gro\u00df oder zu klein waren. Au\u00dferdem ergab sich die rechnerische Notwendigkeit, im Stadtbezirk IX einen zus\u00e4tzlichen Kommunalwahlbezirk zu schaffen, der im Stadtbezirk VI weggenommen wurde.<\/p>\n<p>Hier ein paar Zahlen (Stand September 2019) zur Verdeutlichung:<\/p>\n<p>Neue Durchschnittszahl der Einwohnerzahl: 12.672<br \/>Abweichung -25%: 9572<br \/>Abweichung +25%: 15.953<\/p>\n<p>Umgerechnet waren die bisherigen Kommunalwahlbezirke so gro\u00df wie folgt:<\/p>\n<ul>\n<li>Kommunalwahlbezirk 40 (Bredeney, Schuir, Fischlaken): 16.063<\/li>\n<li>Kommunalwahlbezirk 41 (Werden, Heidhausen, Laupendahl): 16.303<\/li>\n<li>Kommunalwahlbezirk 42 (Kettwig ohne Lauepndahl): 16.924<\/li>\n<\/ul>\n<p>Da alle drei Wahlbezirke \u00fcber der Toleranz von 25% (nach neuester Rechtsprechung sind sogar nur 15% zul\u00e4ssig, aber wir wollen es nicht zu kompliziert machen) liegen, war ein zus\u00e4tzlicher Kommunalwahlbezirk alternativlos.<\/p>\n<p>Hier mal eine \u00dcbersicht \u00fcber die Verteilung der Personen auf die verschiedenen Stadtteile:<\/p>\n\n\n<ul class=\"wp-block-list\"><li>Bredeney: 10.330<\/li><li>Schuir: 1.373<\/li><li>Fischlaken: 4.360<\/li><li>Werden: 9.155<\/li><li>Heidhausen: 6.469<\/li><li>Kettwig: 17.603<\/li><\/ul>\n\n\n\n<p>Wenn man sich die Zahlen betrachtet, dann wird deutlich, dass man Kettwig auf jeden Fall irgendwie teilen muss. In Kettwig gibt es 10 Stimmbezirke, die man irgendwie zusammensetzen kann. F\u00fcr mich ist es eigentlich logisch, r\u00e4umliche Einheiten zu suchen. Das w\u00e4re erst einmal der Bereich vor der Br\u00fccke. Leider w\u00e4re der Rest immer noch zu gro\u00df. dann w\u00fcrde sich meines Erachtens noch Ickten anbieten. Damit w\u00e4re der verbleibende Teil auch innerhalb aller Toleranzen.<\/p>\n\n\n\n<p>Es gibt bestimmt auch noch andere gute Ideen. Und es gibt die Variante, die die Verwaltung gew\u00e4hlt hat: Neben Kettwig vor der Br\u00fccke wird ein Streifen entlang der Ruhrtal- und Hauptstra\u00dfe ungef\u00e4hr vom Bahnhof Kettwig bis REWE Lenk aus Kettwig herausgeteilt. Und zwar so, dass teilweise Nachbarn in derselben Nebenstra\u00dfe eine andere Kandidatin\/ einen anderen Kandidaten haben. Wer wissen m\u00f6chte, zu welchem Wahlbezirk er geh\u00f6rt, wird hier <a href=\"https:\/\/bit.ly\/2V92MGz\" target=\"_blank\" rel=\"noreferrer noopener\">https:\/\/bit.ly\/2V92MGz<\/a> ab Seite 170 f\u00fcndig.<\/p>\n\n\n\n<p>Kettwig vor der Br\u00fccke und dieser willk\u00fcrlich herausgeschnittene Streifen sind aber zu klein. Es muss also noch etwas hinzukommen. Auch hier w\u00fcrde es Sinn machen, Einheiten zu bilden und m\u00f6glichst wenig weitere Stadtteile zu zerschneiden. W\u00fcrde. Aber auch hier wurde totaler Unsinn verzapft. Neben Schuir (das ist ein kompletter Stadtteil, das macht Sinn) geh\u00f6ren dazu dann noch Teile von Werden und Heidhausen.<\/p>\n\n\n\n<p>Damit ergeben sich dann f\u00fcr die Kommunalwahl im September folgende vier Wahlkreise:<\/p>\n\n\n\n<ul class=\"wp-block-list\"><li>Kommunalwahlbezirk 28: Kettwig vor der Br\u00fccke, Kettwig Ost (das ist besagter Streifen oben), Schuir, Teile von Heidhausen, Teile von Werden<\/li><li>Kommunalwahlbezirk 40: Bredeney, Teile von Fischlaken<\/li><li>Kommunalwahlbezirk 41: Teile von Werden, Teile von Heidhausen, Teile von Fischlaken<\/li><li>Kommunalwahlbezirk 42: Kettwig ohne Kettwig vor der Br\u00fccke und jenen besagten Streifen im Kettwiger Osten.<\/li><\/ul>\n\n\n\n<p>Ihr versteht die Logik dieser Einteilung nicht? Ich auch nicht.<\/p>\n","protected":false},"excerpt":{"rendered":"<p>Die Stadt Essen ist in 41 Kommunalwahlbezirke eingeteilt. Jeder Kommunalwahlbezirk sollte ungef\u00e4hr gleich viel B\u00fcrgerinnen und B\u00fcrger umfassen (eine Abweichung von bis zu +\/- 25% vom Durchschnittswert war m\u00f6glich). Ganz einfach gesagt z\u00e4hlten hierf\u00fcr bisher a lle in dem Wahlbezirk lebenden Menschen. Aufgrund einer \u00c4nderung des Landesgesetzgebers z\u00e4hlen ab der [&hellip;]<\/p>\n","protected":false},"author":1,"featured_media":0,"comment_status":"closed","ping_status":"open","sticky":false,"template":"","format":"standard","meta":{"footnotes":""},"categories":[39],"tags":[72,58,59,114,61],"class_list":["post-734","post","type-post","status-publish","format-standard","hentry","category-bezirk-ix","tag-bezirk-ix","tag-kommunalwahl","tag-kommunalwahl-2020","tag-kommunalwahlbezirke","tag-rat-der-stadt"],"_links":{"self":[{"href":"https:\/\/daniel-behmenburg.de\/index.php?rest_route=\/wp\/v2\/posts\/734","targetHints":{"allow":["GET"]}}],"collection":[{"href":"https:\/\/daniel-behmenburg.de\/index.php?rest_route=\/wp\/v2\/posts"}],"about":[{"href":"https:\/\/daniel-behmenburg.de\/index.php?rest_route=\/wp\/v2\/types\/post"}],"author":[{"embeddable":true,"href":"https:\/\/daniel-behmenburg.de\/index.php?rest_route=\/wp\/v2\/users\/1"}],"replies":[{"embeddable":true,"href":"https:\/\/daniel-behmenburg.de\/index.php?rest_route=%2Fwp%2Fv2%2Fcomments&post=734"}],"version-history":[{"count":8,"href":"https:\/\/daniel-behmenburg.de\/index.php?rest_route=\/wp\/v2\/posts\/734\/revisions"}],"predecessor-version":[{"id":1063,"href":"https:\/\/daniel-behmenburg.de\/index.php?rest_route=\/wp\/v2\/posts\/734\/revisions\/1063"}],"wp:attachment":[{"href":"https:\/\/daniel-behmenburg.de\/index.php?rest_route=%2Fwp%2Fv2%2Fmedia&parent=734"}],"wp:term":[{"taxonomy":"category","embeddable":true,"href":"https:\/\/daniel-behmenburg.de\/index.php?rest_route=%2Fwp%2Fv2%2Fcategories&post=734"},{"taxonomy":"post_tag","embeddable":true,"href":"https:\/\/daniel-behmenburg.de\/index.php?rest_route=%2Fwp%2Fv2%2Ftags&post=734"}],"curies":[{"name":"wp","href":"https:\/\/api.w.org\/{rel}","templated":true}]}}