{"id":718,"date":"2020-07-01T09:32:00","date_gmt":"2020-07-01T09:32:00","guid":{"rendered":"https:\/\/danielbehmenburg.wordpress.com\/?p=718"},"modified":"2020-12-23T11:57:48","modified_gmt":"2020-12-23T11:57:48","slug":"der-letzte-vorhang-fiel-nachruf-auf-eine-kettwiger-institution-und-gute-freundin","status":"publish","type":"post","link":"https:\/\/daniel-behmenburg.de\/?p=718","title":{"rendered":"Der letzte Vorhang fiel \u2026 Nachruf auf eine Kettwiger Institution &#8211; und gute Freundin."},"content":{"rendered":"\n<figure class=\"wp-block-image size-large\"><img loading=\"lazy\" decoding=\"async\" width=\"5282\" height=\"3526\" src=\"http:\/\/daniel-behmenburg.de\/wp-content\/uploads\/2020\/06\/Sabine-Zirkus.jpg\" alt=\"\" class=\"wp-image-1007\"\/><\/figure>\n\n\n\n<figure class=\"wp-block-gallery columns-3 is-cropped wp-block-gallery-1 is-layout-flex wp-block-gallery-is-layout-flex\"><ul class=\"blocks-gallery-grid\"><li class=\"blocks-gallery-item\"><figure><img loading=\"lazy\" decoding=\"async\" width=\"1024\" height=\"851\" src=\"http:\/\/daniel-behmenburg.de\/wp-content\/uploads\/2020\/06\/Sabine-Kommentar-Ehrenamt-1024x851.jpg\" alt=\"\" data-id=\"1002\" data-full-url=\"http:\/\/daniel-behmenburg.de\/wp-content\/uploads\/2020\/06\/Sabine-Kommentar-Ehrenamt.jpg\" data-link=\"http:\/\/daniel-behmenburg.de\/?attachment_id=1002\" class=\"wp-image-1002\" srcset=\"https:\/\/daniel-behmenburg.de\/wp-content\/uploads\/2020\/06\/Sabine-Kommentar-Ehrenamt-1024x851.jpg 1024w, https:\/\/daniel-behmenburg.de\/wp-content\/uploads\/2020\/06\/Sabine-Kommentar-Ehrenamt-300x249.jpg 300w, https:\/\/daniel-behmenburg.de\/wp-content\/uploads\/2020\/06\/Sabine-Kommentar-Ehrenamt-768x638.jpg 768w, https:\/\/daniel-behmenburg.de\/wp-content\/uploads\/2020\/06\/Sabine-Kommentar-Ehrenamt.jpg 1251w\" sizes=\"auto, (max-width: 1024px) 100vw, 1024px\" \/><\/figure><\/li><li class=\"blocks-gallery-item\"><figure><img loading=\"lazy\" decoding=\"async\" width=\"946\" height=\"1024\" src=\"http:\/\/daniel-behmenburg.de\/wp-content\/uploads\/2020\/06\/Sabine-Artikel-Weihnachtsmarkt-946x1024.jpg\" alt=\"\" data-id=\"1001\" data-full-url=\"http:\/\/daniel-behmenburg.de\/wp-content\/uploads\/2020\/06\/Sabine-Artikel-Weihnachtsmarkt.jpg\" data-link=\"http:\/\/daniel-behmenburg.de\/?attachment_id=1001\" class=\"wp-image-1001\" srcset=\"https:\/\/daniel-behmenburg.de\/wp-content\/uploads\/2020\/06\/Sabine-Artikel-Weihnachtsmarkt-946x1024.jpg 946w, https:\/\/daniel-behmenburg.de\/wp-content\/uploads\/2020\/06\/Sabine-Artikel-Weihnachtsmarkt-277x300.jpg 277w, https:\/\/daniel-behmenburg.de\/wp-content\/uploads\/2020\/06\/Sabine-Artikel-Weihnachtsmarkt-768x831.jpg 768w, https:\/\/daniel-behmenburg.de\/wp-content\/uploads\/2020\/06\/Sabine-Artikel-Weihnachtsmarkt-1419x1536.jpg 1419w, https:\/\/daniel-behmenburg.de\/wp-content\/uploads\/2020\/06\/Sabine-Artikel-Weihnachtsmarkt.jpg 1696w\" sizes=\"auto, (max-width: 946px) 100vw, 946px\" \/><\/figure><\/li><li class=\"blocks-gallery-item\"><figure><img loading=\"lazy\" decoding=\"async\" width=\"5034\" height=\"3360\" src=\"http:\/\/daniel-behmenburg.de\/wp-content\/uploads\/2020\/06\/Sabine-und-Reiner-3.jpg\" alt=\"\" data-id=\"1004\" data-full-url=\"http:\/\/daniel-behmenburg.de\/wp-content\/uploads\/2020\/06\/Sabine-und-Reiner-3.jpg\" data-link=\"http:\/\/daniel-behmenburg.de\/?attachment_id=1004\" class=\"wp-image-1004\"\/><\/figure><\/li><\/ul><\/figure>\n\n\n\n<p>Liebe Sabine,<\/p>\n\n\n\n<p>jeder bew\u00e4ltigt Trauer ja anders. Mir war es ein Bed\u00fcrfnis einmal in den alten Ordner zu bl\u00e4ttern um zu sehen, wo wir das erste Mal richtig aufeinander getroffen sind. Und nach einer etwas l\u00e4ngeren Zeit der stillen und machtlosen Trauer, muss ich das Gedachte einfach einmal in Worte fassen und in die Welt hinaus schreien.<\/p>\n\n\n\n<p>Es muss im Jahr 2004 rund um den Ehrenamtspreis im Rahmen von &#8222;Essens Beste&#8220; und meinen ersten Weihnachtsmarkt auf dem Rathausplatz gewesen sein. &#8222;Du musst dann unbedingt einen Termin bei der Moseler-Worms machen&#8220;, wurde mir damals gesagt. Dass es &#8222;Moseler-Worm&#8220; hei\u00dft, habe ich dann sp\u00e4ter gelernt. Mit der Erkenntnis, dass &#8222;Sabine&#8220; noch einfacher und auch passender ist, damit haben wir uns damals noch etwas Zeit gelassen.<\/p>\n\n\n\n<p>Ich habe Dich als Journalistin mit einem besonderen Eifer und einem gl\u00fccklichen H\u00e4ndchen f\u00fcr die Themen vor Ort kennengelernt. Dabei war Dir nie der Skandal wichtig, sondern der ehrliche und richtige Artikel \u00fcber unser Dorf und die Menschen, die hier leben. Man hat Dir aber auch angemerkt, dass Dir der zunehmende Trend im Journalismus, eine \u00dcberschrift nach Clickbaiting und abgeschlossenen Klick-Abos auszurichten, zuwider war. Das war nicht mehr das, was Du mal gelernt hast. Der nicht rei\u00dferische, aber daf\u00fcr so authentische Journalismus war das, was Dich und die Menschen aus Deiner Zeit so besonderes gemacht hat. Ich glaube deshalb war der vorgezogene (Un-)Ruhestand f\u00fcr Dich auch genau das richtige.<\/p>\n\n\n\n<p>Ich ganz pers\u00f6nlich m\u00f6chte Dir danken, dass Du bei den zwei bis drei Gelegenheiten, bei denen Menschen mich aus wirklich niederen Beweggr\u00fcnden fertig machen wollten, nicht mitgespielt hast. Mehr noch: Danke daf\u00fcr, dass Du mir dann immer den R\u00fccken gest\u00e4rkt hast.<\/p>\n\n\n\n<p>Und auch Danke f\u00fcr die pers\u00f6nliche Freundschaft, die daraus entstanden ist. Danke, dass Du mich und auch Danielle in Dein und Reiners Leben gelassen hast. Ich hatte noch auf viele Stunden in gemeinsamer Geselligkeit gehofft. Und auch wenn wir uns im Leben nicht mehr verabschieden konnten, so bin ich doch zuversichtlich, dass man sich im Jenseits wiedersieht und einem in der Gegenwart die dankbare Erinnerung bleibt. Ich fand es erst sehr schade, dass es kein Grab gibt, an welchem man Abschied nehmen und sich erinnern kann. Mittlerweile aber sehe ich es als Chance, dass man keinen Abschied nehmen muss und \u00fcberall lebendige Spuren von Dir sieht und sp\u00fcrt.<\/p>\n\n\n\n<p>Deine Erkrankung hat mir sehr leid getan und ich habe oft mit der Frage gehadert, warum es so h\u00e4ufig die Guten trifft. Am Ende des Tages, zum Beginn der Nacht, entscheidet aber nicht die unumst\u00f6\u00dfliche Tatsache des Todes dar\u00fcber, ob man den Kampf gegen diese Krankheit verloren hat. Sondern die Art und Weise, wie man bis zu diesem Zeitpunkt gelebt hat. Und da bist Du als Siegerin hervorgegangen. Und ich danke f\u00fcr die Zeit, die ich an diesem Weg teilhaben durfte.<\/p>\n\n\n\n<p>Wenn ich sehe, wieviel Menschen in Kettwig an Dich denken, dann bin ich mir sicher, dass Deine Lieben beim Trauern, beim dankbaren Erinnern und beim Dich lebendig halten, nie alleine sein werden. So wie Du nie vergessen sein wirst.<\/p>\n\n\n\n<div class=\"wp-block-media-text alignwide is-stacked-on-mobile\"><figure class=\"wp-block-media-text__media\"><img loading=\"lazy\" decoding=\"async\" width=\"2560\" height=\"1709\" src=\"http:\/\/daniel-behmenburg.de\/wp-content\/uploads\/2020\/06\/Sabine-und-Reiner-5-scaled.jpg\" alt=\"\" class=\"wp-image-1005\" srcset=\"https:\/\/daniel-behmenburg.de\/wp-content\/uploads\/2020\/06\/Sabine-und-Reiner-5-scaled.jpg 2560w, https:\/\/daniel-behmenburg.de\/wp-content\/uploads\/2020\/06\/Sabine-und-Reiner-5-300x200.jpg 300w, https:\/\/daniel-behmenburg.de\/wp-content\/uploads\/2020\/06\/Sabine-und-Reiner-5-768x513.jpg 768w, https:\/\/daniel-behmenburg.de\/wp-content\/uploads\/2020\/06\/Sabine-und-Reiner-5-2048x1367.jpg 2048w, https:\/\/daniel-behmenburg.de\/wp-content\/uploads\/2020\/06\/Sabine-und-Reiner-5-360x240.jpg 360w\" sizes=\"auto, (max-width: 2560px) 100vw, 2560px\" \/><\/figure><div class=\"wp-block-media-text__content\">\n<p>Wie ich pers\u00f6nlich Dich in Erinnerung halte? An der Seite von Reiner, im Kreise vieler lieber Menschen und mit einem gro\u00dfen &#8222;Herzlich willkommen&#8220; im R\u00fccken.<\/p>\n\n\n\n<p>Der letzte Vorhang f\u00e4llt? Nein. Du wirst immer ein Teil der B\u00fchne sein. F\u00fcr viele Menschen. In dankbarer Erinnerung. <\/p>\n<\/div><\/div>\n\n\n\n<p>Danke f\u00fcr Alles. Wir sehen uns.<\/p>\n\n\n\n<p><strong>Daniel<\/strong><\/p>\n\n\n\n<p>P.S.: Wer Sabine ein letztes Geschenk machen m\u00f6chte, registriert sich bei der DKMS als Spender <a href=\"https:\/\/www.dkms.de\/de\/spender-werden\" target=\"_blank\" rel=\"noreferrer noopener\">www.dkms.de\/de\/spender-werden<\/a> .<\/p>\n","protected":false},"excerpt":{"rendered":"<p>Liebe Sabine, jeder bew\u00e4ltigt Trauer ja anders. Mir war es ein Bed\u00fcrfnis einmal in den alten Ordner zu bl\u00e4ttern um zu sehen, wo wir das erste Mal richtig aufeinander getroffen sind. Und nach einer etwas l\u00e4ngeren Zeit der stillen und machtlosen Trauer, muss ich das Gedachte einfach einmal in Worte [&hellip;]<\/p>\n","protected":false},"author":1,"featured_media":0,"comment_status":"closed","ping_status":"open","sticky":false,"template":"","format":"standard","meta":{"footnotes":""},"categories":[39],"tags":[],"class_list":["post-718","post","type-post","status-publish","format-standard","hentry","category-bezirk-ix"],"_links":{"self":[{"href":"https:\/\/daniel-behmenburg.de\/index.php?rest_route=\/wp\/v2\/posts\/718","targetHints":{"allow":["GET"]}}],"collection":[{"href":"https:\/\/daniel-behmenburg.de\/index.php?rest_route=\/wp\/v2\/posts"}],"about":[{"href":"https:\/\/daniel-behmenburg.de\/index.php?rest_route=\/wp\/v2\/types\/post"}],"author":[{"embeddable":true,"href":"https:\/\/daniel-behmenburg.de\/index.php?rest_route=\/wp\/v2\/users\/1"}],"replies":[{"embeddable":true,"href":"https:\/\/daniel-behmenburg.de\/index.php?rest_route=%2Fwp%2Fv2%2Fcomments&post=718"}],"version-history":[{"count":8,"href":"https:\/\/daniel-behmenburg.de\/index.php?rest_route=\/wp\/v2\/posts\/718\/revisions"}],"predecessor-version":[{"id":1112,"href":"https:\/\/daniel-behmenburg.de\/index.php?rest_route=\/wp\/v2\/posts\/718\/revisions\/1112"}],"wp:attachment":[{"href":"https:\/\/daniel-behmenburg.de\/index.php?rest_route=%2Fwp%2Fv2%2Fmedia&parent=718"}],"wp:term":[{"taxonomy":"category","embeddable":true,"href":"https:\/\/daniel-behmenburg.de\/index.php?rest_route=%2Fwp%2Fv2%2Fcategories&post=718"},{"taxonomy":"post_tag","embeddable":true,"href":"https:\/\/daniel-behmenburg.de\/index.php?rest_route=%2Fwp%2Fv2%2Ftags&post=718"}],"curies":[{"name":"wp","href":"https:\/\/api.w.org\/{rel}","templated":true}]}}