{"id":7,"date":"2007-05-31T00:08:00","date_gmt":"2007-05-31T00:08:00","guid":{"rendered":"http:\/\/danielbehmenburg.wordpress.com\/2007\/05\/31\/unverstandnis-fur-schwarz-gelb-grunen-starrsinn-spd-fraktion-wird-sich-auch-weiterhin-fruhzeitig-um-burgerbelange-kummern"},"modified":"2007-05-31T00:08:00","modified_gmt":"2007-05-31T00:08:00","slug":"unverstandnis-fur-schwarz-gelb-grunen-starrsinn-spd-fraktion-wird-sich-auch-weiterhin-fruhzeitig-um-burgerbelange-kummern","status":"publish","type":"post","link":"https:\/\/daniel-behmenburg.de\/?p=7","title":{"rendered":"Unverst\u00e4ndnis f\u00fcr schwarz-gelb-gr\u00fcnen Starrsinn &#8211; SPD Fraktion wird sich auch weiterhin fr\u00fchzeitig um B\u00fcrgerbelange k\u00fcmmern"},"content":{"rendered":"<p>Mit Unverst\u00e4ndnis haben die Mitglieder der SPD-Fraktion in der Bezirksvertretung IX auf die Ablehnung ihres Eilantrages reagiert. Die Sozialdemokraten wollten mit diesem Antrag die Verwaltung auffordern, sich zur Zukunft des Kettwiger B\u00fcrgeramtes zu \u00e4u\u00dfern. <\/p>\n<p>Hierzu die Fraktionsvorsitzende der SPD-Fraktion, Annette Uttendorfer: \u201eBereits im Vorfeld hat die CDU versucht, diesen Antrag \u00fcberhaupt nicht zur Tagesordnung zuzulassen. Man hoffte wohl, sich so eine peinliche Diskussion ersparen zu k\u00f6nnen, denn auch ein Gro\u00dfteil der CDU Anh\u00e4nger will das B\u00fcrgeramt erhalten. Hier h\u00e4tten die Fraktionen \u00fcber die Parteigrenzen hinweg Klarheit f\u00fcr die B\u00fcrgerinnen und B\u00fcrger schaffen k\u00f6nnen! Leider wurde diese Chance vertan.\u201c<\/p>\n<p>Auch der Kettwiger Bezirksvertreter Harald Neef hat kein Verst\u00e4ndnis f\u00fcr die teilweise heftigen Angriffe der Gegenseite: \u201eWir wollten als Fraktion die sehr hochgekochten Emotionen im Bezirk IX wieder auf die sachliche Ebene zur\u00fcck holen. Wir haben ja nicht medienwirksam gefordert, sich gegen die Schlie\u00dfung des B\u00fcrgeramtes auszusprechen, wir wollten lediglich die deutlichen Ger\u00fcchte aus verschiedenen Ebenen der Politik und Verwaltung einer kl\u00e4renden Pr\u00fcfung unterziehen \u2013 und das zum Wohle aller. Das ist auch ein Schlag ins Gesicht der B\u00fcrgerinnen und B\u00fcrger, die sich f\u00fcr die Erhaltung des B\u00fcrgeramtes im Vorfeld stark gemacht haben und so der Verwaltung fr\u00fchzeitig gezeigt haben: H\u00e4nde vom Weg von unserem B\u00fcrgeramt!\u201c<\/p>\n<p>BV Novize Daniel Behmenburg sorgt sich vor allem um die Wirkung auf die B\u00fcrgerinnen und B\u00fcrger: \u201eHier hat Politik das Klischee erf\u00fcllt, dass man lieber hinter verschlossenen T\u00fcren als mit den B\u00fcrgerinnen und B\u00fcrgern direkt redet. Das ist ein fatales Signal. Das Argument, dass man mit solch einer Information nicht an die \u00d6ffentlichkeit gehen sollte, lasse ich nicht gelten! Es ist Aufgabe der Politik, Verwaltungshandeln sensibel und hellh\u00f6rig zu begleiten und auch an den richtigen Stellen das offene Wort an die Menschen zu richten, denen man als Mandatstr\u00e4ger ja in erster Linie verpflichtet ist. Sonst m\u00fcssen wir uns nicht wundern, wenn es immer heisst \u201aDie da oben haben ja entschieden\u2019!\u201c<\/p>\n","protected":false},"excerpt":{"rendered":"<p>Mit Unverst\u00e4ndnis haben die Mitglieder der SPD-Fraktion in der Bezirksvertretung IX auf die Ablehnung ihres Eilantrages reagiert. Die Sozialdemokraten wollten mit diesem Antrag die Verwaltung auffordern, sich zur Zukunft des Kettwiger B\u00fcrgeramtes zu \u00e4u\u00dfern. Hierzu die Fraktionsvorsitzende der SPD-Fraktion, Annette Uttendorfer: \u201eBereits im Vorfeld hat die CDU versucht, diesen Antrag [&hellip;]<\/p>\n","protected":false},"author":1,"featured_media":0,"comment_status":"open","ping_status":"open","sticky":false,"template":"","format":"standard","meta":{"footnotes":""},"categories":[5,6],"tags":[],"class_list":["post-7","post","type-post","status-publish","format-standard","hentry","category-bv-ix","category-kettwig"],"_links":{"self":[{"href":"https:\/\/daniel-behmenburg.de\/index.php?rest_route=\/wp\/v2\/posts\/7","targetHints":{"allow":["GET"]}}],"collection":[{"href":"https:\/\/daniel-behmenburg.de\/index.php?rest_route=\/wp\/v2\/posts"}],"about":[{"href":"https:\/\/daniel-behmenburg.de\/index.php?rest_route=\/wp\/v2\/types\/post"}],"author":[{"embeddable":true,"href":"https:\/\/daniel-behmenburg.de\/index.php?rest_route=\/wp\/v2\/users\/1"}],"replies":[{"embeddable":true,"href":"https:\/\/daniel-behmenburg.de\/index.php?rest_route=%2Fwp%2Fv2%2Fcomments&post=7"}],"version-history":[{"count":0,"href":"https:\/\/daniel-behmenburg.de\/index.php?rest_route=\/wp\/v2\/posts\/7\/revisions"}],"wp:attachment":[{"href":"https:\/\/daniel-behmenburg.de\/index.php?rest_route=%2Fwp%2Fv2%2Fmedia&parent=7"}],"wp:term":[{"taxonomy":"category","embeddable":true,"href":"https:\/\/daniel-behmenburg.de\/index.php?rest_route=%2Fwp%2Fv2%2Fcategories&post=7"},{"taxonomy":"post_tag","embeddable":true,"href":"https:\/\/daniel-behmenburg.de\/index.php?rest_route=%2Fwp%2Fv2%2Ftags&post=7"}],"curies":[{"name":"wp","href":"https:\/\/api.w.org\/{rel}","templated":true}]}}