{"id":648,"date":"2020-06-10T11:52:07","date_gmt":"2020-06-10T11:52:07","guid":{"rendered":"https:\/\/danielbehmenburg.wordpress.com\/?p=648"},"modified":"2020-12-23T11:58:18","modified_gmt":"2020-12-23T11:58:18","slug":"team-der-spd-essen-fuer-die-kommunalwahl-steht-fest","status":"publish","type":"post","link":"https:\/\/daniel-behmenburg.de\/?p=648","title":{"rendered":"Team der SPD Essen f\u00fcr die Kommunalwahl steht fest"},"content":{"rendered":"<p><strong>In Kettwig gehen die Sozialdemokraten mit Daniel Behmenburg und Susanne Gilbert ins Rennen.<br \/>\n<\/strong><\/p>\n<p>Seit der letzten Vertreterversammlung der SPD Essen am vergangenen Mittwoch steht ihr Team f\u00fcr das gesamte Stadtgebiet zur Kommunalwahl 2020 fest. Der richtige Zeitpunkt, um die Mannschaft der SPD Kettwig schon einmal kurz offiziell vorzustellen:<\/p>\n<p><img loading=\"lazy\" decoding=\"async\" class=\"alignnone size-full wp-image-652\" src=\"https:\/\/danielbehmenburg.files.wordpress.com\/2020\/06\/sharepic-ub-essen-daniel.jpg\" alt=\"Sharepic UB Essen Daniel\" width=\"5000\" height=\"5000\" \/><\/p>\n<p>Daniel Behmenburg wird im Wahlkreis 42 f\u00fcr den Rat der Stadt Essen kandidieren, der grob gesagt Teile von Kettwig Mitte, die Altstadt, das Schmachtenbergviertel, Auf der H\u00f6he und Ickten umfasst. Der 41j\u00e4hrige m\u00f6chte im Stadtrat an das ankn\u00fcpfen, was er seit langer Zeit in der Bezirksvertretung vorlebt &#8211; ansprechbar sein, zuh\u00f6ren, sich k\u00fcmmern. \u201eUnsere Heimat ist ein Dorf im besten Sinne. Viele engagierte Menschen suchen hier das konstruktive Miteinander. Teil dieser Bewegung m\u00f6chte ich weiterhin sein und als Mitglied im Rat der Stadt Essen meinen Teil dazu beitragen, um Kettwig lebens- und liebenswert zu halten, unsere lebendige Stadtteilkultur aufrecht zu erhalten und f\u00fcr die Herausforderungen der Zukunft fit zu machen. Mobilit\u00e4t spielt dabei f\u00fcr mich eine ganz wichtige Rolle. Hier gibt es viel Nachholbedarf\u201c, so Daniel Behmenburg.<\/p>\n<p><a href=\"https:\/\/danielbehmenburg.files.wordpress.com\/2020\/06\/sharepic-ub-essen-susanne-1.jpg\"><img loading=\"lazy\" decoding=\"async\" class=\"aligncenter wp-image-656 size-large\" src=\"https:\/\/danielbehmenburg.files.wordpress.com\/2020\/06\/sharepic-ub-essen-susanne-1.jpg?w=640\" alt=\"\" width=\"640\" height=\"640\" \/><\/a><\/p>\n<p>F\u00fcr den neuen Wahlkreis 28 tritt Susanne Gilbert an. Zu diesem Wahlkreis geh\u00f6ren neben Schuir, Teilen von Werden und Heidhausen der komplette Bereich Kettwig vor der Br\u00fccke mit der Laupendahler Siedlung und Teile des Westens von Kettwig entlang der Ruhrtal- und Hauptstra\u00dfe vom Bahnhof bis ungef\u00e4hr zum Rathaus. Die 54j\u00e4hrige Susanne Gilbert ist genau wie Daniel Behmenburg Kettwiger von Kindheit an und erw\u00e4hnt spontan einige Schwerpunkte ihrer politischen Arbeit: \u201eAus meinen beruflichen Erfahrungen wei\u00df ich: Ein gesundes Umfeld ist wichtig f\u00fcr die Menschen. Und genau dieses m\u00f6chte ich hier in Kettwig f\u00fcr die Menschen bewahren, ausbauen und f\u00fcr die Zukunft erhalten. Wichtig ist mir dabei insbesondere das Thema Wohnen und der Erhalt von Baustruktur und Freifl\u00e4chen. Aus pers\u00f6nlicher Erfahrung wei\u00df ich, wie es ist, mit drei Generationen unter einem Dach zu leben. Die Frage des Miteinanders der Generationen muss im Sinne des Zusammenhalts einen viel gr\u00f6\u00dferen Stellenwert erhalten.\u201c<\/p>\n<p>\u201eDer neue Wahlkreiszuschnitt ist insbesondere f\u00fcr uns Kettwiger verwirrend, da hier ohne Sinn ein Strich durch Kettwig gezogen wurde. Teilweise w\u00e4hlen Nachbarn derselben Stra\u00dfe unterschiedliche Kandidaten. Das tr\u00e4gt nicht zur Begeisterung f\u00fcr Politik bei. Wer sich daf\u00fcr interessiert, zu welchem Wahlkreis er denn nun geh\u00f6rt, kann sich gerne an uns wenden\u201c, erg\u00e4nzt der Ortsvereinsvorsitzende Daniel Behmenburg, der andere Alternativen zum Wahlkreisneuzuschnitt entwickelt hatte, die sich aber leider nicht durchgesetzt haben.<\/p>\n<p>F\u00fcr die Bezirksvertretung sind Daniel Behmenburg, Heike Lohmann, Susanne Gilbert, Martin Kryl, Danielle Sch\u00e4fer und Jan Robert Belouschek gesetzt. Sie eint der Wille, wieder starke Kraft in der Bezirksvertretung zu sein. Ansprechbar sein und auch schwierigen Diskussionen nicht auszuweichen, soll nach ihrem Willen auch das Handeln der Sozialdemokraten in der n\u00e4chsten Periode in dem Stadtteilparlament ausmachen. Daf\u00fcr werben Sie um Zustimmung.<\/p>\n","protected":false},"excerpt":{"rendered":"<p>In Kettwig gehen die Sozialdemokraten mit Daniel Behmenburg und Susanne Gilbert ins Rennen. Seit der letzten Vertreterversammlung der SPD Essen am vergangenen Mittwoch steht ihr Team f\u00fcr das gesamte Stadtgebiet zur Kommunalwahl 2020 fest. Der richtige Zeitpunkt, um die Mannschaft der SPD Kettwig schon einmal kurz offiziell vorzustellen: Daniel Behmenburg [&hellip;]<\/p>\n","protected":false},"author":1,"featured_media":0,"comment_status":"closed","ping_status":"open","sticky":false,"template":"","format":"standard","meta":{"footnotes":""},"categories":[6],"tags":[62,63,57,58,59,61,60],"class_list":["post-648","post","type-post","status-publish","format-standard","hentry","category-kettwig","tag-behmenburg","tag-gilbert","tag-kettwig","tag-kommunalwahl","tag-kommunalwahl-2020","tag-rat-der-stadt","tag-spd-kettwig"],"_links":{"self":[{"href":"https:\/\/daniel-behmenburg.de\/index.php?rest_route=\/wp\/v2\/posts\/648","targetHints":{"allow":["GET"]}}],"collection":[{"href":"https:\/\/daniel-behmenburg.de\/index.php?rest_route=\/wp\/v2\/posts"}],"about":[{"href":"https:\/\/daniel-behmenburg.de\/index.php?rest_route=\/wp\/v2\/types\/post"}],"author":[{"embeddable":true,"href":"https:\/\/daniel-behmenburg.de\/index.php?rest_route=\/wp\/v2\/users\/1"}],"replies":[{"embeddable":true,"href":"https:\/\/daniel-behmenburg.de\/index.php?rest_route=%2Fwp%2Fv2%2Fcomments&post=648"}],"version-history":[{"count":2,"href":"https:\/\/daniel-behmenburg.de\/index.php?rest_route=\/wp\/v2\/posts\/648\/revisions"}],"predecessor-version":[{"id":973,"href":"https:\/\/daniel-behmenburg.de\/index.php?rest_route=\/wp\/v2\/posts\/648\/revisions\/973"}],"wp:attachment":[{"href":"https:\/\/daniel-behmenburg.de\/index.php?rest_route=%2Fwp%2Fv2%2Fmedia&parent=648"}],"wp:term":[{"taxonomy":"category","embeddable":true,"href":"https:\/\/daniel-behmenburg.de\/index.php?rest_route=%2Fwp%2Fv2%2Fcategories&post=648"},{"taxonomy":"post_tag","embeddable":true,"href":"https:\/\/daniel-behmenburg.de\/index.php?rest_route=%2Fwp%2Fv2%2Ftags&post=648"}],"curies":[{"name":"wp","href":"https:\/\/api.w.org\/{rel}","templated":true}]}}