{"id":646,"date":"2020-04-22T11:28:28","date_gmt":"2020-04-22T11:28:28","guid":{"rendered":"https:\/\/danielbehmenburg.wordpress.com\/?p=646"},"modified":"2020-12-23T11:58:18","modified_gmt":"2020-12-23T11:58:18","slug":"kommunalparlament-arbeitet-auch-in-krisenzeiten-buergersprechstunde-wird-telefonisch-angeboten","status":"publish","type":"post","link":"https:\/\/daniel-behmenburg.de\/?p=646","title":{"rendered":"Kommunalparlament arbeitet auch in Krisenzeiten | B\u00fcrgersprechstunde wird telefonisch angeboten"},"content":{"rendered":"<p><strong>Aktuelles aus der Bezirksvertretung IX\u00a0<\/strong><\/p>\n<p>\u201eAuch wenn die Corona-Pandemie die Politik vor Herausforderungen stellt, arbeitet die Bezirksvertretung IX weiter. \u00dcber den aktuellen Stand m\u00f6chte ich mit dieser Nachricht informieren\u201c, so der Bezirksb\u00fcrgermeister Benjamin Brenk. Bei R\u00fcckfragen stehen er und die \u00fcbrigen Mitglieder der Bezirksvertretung IX gerne zur Verf\u00fcgung.<\/p>\n<p><u>Sitzungen der Bezirksvertretung IX<\/p>\n<p><\/u>Die aktuelle Situation l\u00e4sst leider eine Sitzung am 28. April\u00a0nicht zu. Dazu Bezirksb\u00fcrgermeister Benjamin Brenk: \u201eLeider ist es nicht m\u00f6glich, die f\u00fcr Sitzungen erforderliche und unserem Selbstverst\u00e4ndnis entsprechende \u00d6ffentlichkeit im Kettwiger Rathaus herzustellen, ohne die Gesundheit der G\u00e4ste zu gef\u00e4hrden. Au\u00dferdem nehmen wir mit dieser Ma\u00dfnahme R\u00fccksicht auf die Kolleginnen und Kollegen, die einer Risikogruppe angeh\u00f6ren.\u201c Am 26. Maiwird die Bezirksvertretung aber wieder tagen. Um einen bestm\u00f6glichen Schutz durch einen Mindestabstand f\u00fcr alle zu gew\u00e4hrleisten, hat unsere Verwaltungsbeauftragte Brigitte Harti hierf\u00fcr den Ratssaal und die Besucherempore im Essener Rathaus reserviert. G\u00e4ste sind ab 16 Uhr\u00a0herzlich willkommen. Der Zugang zur Besucherempore ist auf der 2. Etage zu finden. \u201eLeider ist auch diese L\u00f6sung keine Optimall\u00f6sung, da eine Anreise erforderlich ist. Es stellt aber unseres Erachtens einen guten Kompromiss dar. B\u00fcrgerschreiben sind wie gewohnt sehr gerne gesehen und werden w\u00e4hrend der Sitzung behandelt. \u00dcber die Ergebnisse wird im Anschluss, falls keine Teilnahme an der Sitzung m\u00f6glich ist, schriftlich informiert\u201c, so Brenk.<\/p>\n<p><u>B\u00fcrgersprechstunden<\/u><\/p>\n<p>Zur Eind\u00e4mmung der Coronavirus-Pandemie hat die Landesregierung Nordrhein-Westfalen die Verordnung zum Schutz vor Neuinfizierungen mit dem Coronavirus SARS-CoV-2 (CoronaSchVO) erlassen. Sie gilt von Montag 20. April, bis einschlie\u00dflich Sonntag 3. Mai und sieht weiterhin Kontaktsperren und Versammlungsverbote vor. Daher m\u00fcsste auch die geplante B\u00fcrgersprechstunde entfallen. Die Bezirksvertretung IX will dennoch handlungsf\u00e4hig bleiben.\u00a0\u201eDaher haben mein Stellvertreter Michael Nellessen und ich beschlossen, unsere B\u00fcrgersprechstunde am 28.04.2020\u00a0telefonisch anzubieten. Wie gewohnt stehen wir dann f\u00fcr Fragen und Anregungen zur Verf\u00fcgung\u201c, so Benjamin Brenk. Zu erreichen sind die beiden Dienstag, 28.04.2020 von 15:00 &#8211; 16:00 Uhr\u00a0<strong>unter Rufnummer 0201\/88-15163\u00a0(Herr Brenk) oder -15164 (Herr Nellessen).<\/strong>\u00a0Mit diesem Gespr\u00e4chsangebot an die Menschen im Stadtbezirk IX zeigt die Bezirksvertretung Pr\u00e4senz und dass eine Krise wie diese die Politik nicht zum Stillstand bringt.<\/p>\n<p><u>Pflanzung Baum des Jahres 2020 \u2013 Robinie<\/p>\n<p><\/u>Der allj\u00e4hrlich stattfindende offizielle Termin zur Pflanzung des Baums des Jahres 2020 im Kettwiger Stadtwald und auf der Brehminsel wird aufgrund der Kontaktbeschr\u00e4nkungen in Folge der Corona-Pandemie verschoben. Ein Ersatztermin wird rechtzeitig bekannt gegeben. Jahreszeitlich bedingt werden die B\u00e4ume allerdings bereits durch Gr\u00fcn und Gruga jetzt gepflanzt. Die Bezirksvertretung finanziert seit vielen Jahren die Pflanzung des Baums des Jahres und hat hierdurch im Kettwiger Stadtwald dazu beigetragen, dass ein Waldlehrpfad entstehen konnte. Der Baum des Jahres ist ein bundesweites Projekt. In diesem Jahr ist es die \u201aGew\u00f6hnliche Robinie\u2018, ein sommergr\u00fcner Laubbaum, der auch \u201aFalsche Akazie\u2018 oder \u201aSilberregen\u2018 genannt wird. Sie symbolisiert die Unsterblichkeit der menschlichen Seele. \u201eVielleicht in der aktuellen Krise ein unbeabsichtigtes Symbol der Hoffnung\u201c, so Bezirksb\u00fcrgermeister Benjamin Brenk.<\/p>\n<p><u>Beschl\u00fcsse der Bezirksvertretung IX<\/p>\n<p><\/u>Zwischenzeitlich gab es nur einen weiteren Diskussionspunkt. Mehrheitlich wurde sich von den Fraktionsvorsitzenden f\u00fcr einen Antrag von Gr\u00fcn und Gruga entschieden, 10.000,00 \u20ac f\u00fcr zus\u00e4tzliche Pflanzma\u00dfnahmen in 2021 im Bezirk IX bereitzustellen. Die Pflanzen m\u00fcssen immer im Vorjahr bestellt werden, sodass eine kurzfristige Abstimmung erfolgen musste. Im Rahmen einer Dringlichkeitsentscheidung werden nun diese Mittel beschlossen werden.<\/p>\n<p>&nbsp;<\/p>\n<p>&nbsp;<\/p>\n<p>\u201eAbschlie\u00dfend liegt es mir am Herzen, mich bei den Vorsitzenden der Fraktionen in der Bezirksvertretung IX, Stephan S\u00fclzer, Daniel Behmenburg, Dr. Anna Leipprand und Holger Ackermann, meinen Stellvertreter Michael Nellessen sowie bei der Einzelvertreterin Ulla L\u00f6tzer f\u00fcr das problemlose Miteinander in der aktuellen Krise zu bedanken. Gerade in Zeiten des Vorwahlkampfes ist es mit Sicherheit nicht immer leicht, Parteiinteressen hinten an zu stellen. Dass dieses hier so vorbildlich, schnell und auch ger\u00e4uschlos zum Wohle unseres Bezirks funktioniert, hat meinen h\u00f6chsten Respekt\u201c, so Bezirksb\u00fcrgermeister Benjamin Brenk abschlie\u00dfend.<\/p>\n","protected":false},"excerpt":{"rendered":"<p>Aktuelles aus der Bezirksvertretung IX\u00a0 \u201eAuch wenn die Corona-Pandemie die Politik vor Herausforderungen stellt, arbeitet die Bezirksvertretung IX weiter. \u00dcber den aktuellen Stand m\u00f6chte ich mit dieser Nachricht informieren\u201c, so der Bezirksb\u00fcrgermeister Benjamin Brenk. Bei R\u00fcckfragen stehen er und die \u00fcbrigen Mitglieder der Bezirksvertretung IX gerne zur Verf\u00fcgung. Sitzungen der [&hellip;]<\/p>\n","protected":false},"author":1,"featured_media":0,"comment_status":"closed","ping_status":"open","sticky":false,"template":"","format":"standard","meta":{"footnotes":""},"categories":[39],"tags":[72,75,74,76],"class_list":["post-646","post","type-post","status-publish","format-standard","hentry","category-bezirk-ix","tag-bezirk-ix","tag-bezirksvertretung","tag-brenk","tag-corona"],"_links":{"self":[{"href":"https:\/\/daniel-behmenburg.de\/index.php?rest_route=\/wp\/v2\/posts\/646","targetHints":{"allow":["GET"]}}],"collection":[{"href":"https:\/\/daniel-behmenburg.de\/index.php?rest_route=\/wp\/v2\/posts"}],"about":[{"href":"https:\/\/daniel-behmenburg.de\/index.php?rest_route=\/wp\/v2\/types\/post"}],"author":[{"embeddable":true,"href":"https:\/\/daniel-behmenburg.de\/index.php?rest_route=\/wp\/v2\/users\/1"}],"replies":[{"embeddable":true,"href":"https:\/\/daniel-behmenburg.de\/index.php?rest_route=%2Fwp%2Fv2%2Fcomments&post=646"}],"version-history":[{"count":1,"href":"https:\/\/daniel-behmenburg.de\/index.php?rest_route=\/wp\/v2\/posts\/646\/revisions"}],"predecessor-version":[{"id":995,"href":"https:\/\/daniel-behmenburg.de\/index.php?rest_route=\/wp\/v2\/posts\/646\/revisions\/995"}],"wp:attachment":[{"href":"https:\/\/daniel-behmenburg.de\/index.php?rest_route=%2Fwp%2Fv2%2Fmedia&parent=646"}],"wp:term":[{"taxonomy":"category","embeddable":true,"href":"https:\/\/daniel-behmenburg.de\/index.php?rest_route=%2Fwp%2Fv2%2Fcategories&post=646"},{"taxonomy":"post_tag","embeddable":true,"href":"https:\/\/daniel-behmenburg.de\/index.php?rest_route=%2Fwp%2Fv2%2Ftags&post=646"}],"curies":[{"name":"wp","href":"https:\/\/api.w.org\/{rel}","templated":true}]}}