{"id":629,"date":"2020-04-27T18:38:59","date_gmt":"2020-04-27T18:38:59","guid":{"rendered":"https:\/\/danielbehmenburg.wordpress.com\/?p=629"},"modified":"2020-12-23T11:58:18","modified_gmt":"2020-12-23T11:58:18","slug":"dezentrale-loesungen-bei-buergeraemtern-sollten-das-gebot-der-stunde-sein","status":"publish","type":"post","link":"https:\/\/daniel-behmenburg.de\/?p=629","title":{"rendered":"Dezentrale L\u00f6sungen bei B\u00fcrger\u00e4mtern sollten das Gebot der Stunde sein"},"content":{"rendered":"<p><img loading=\"lazy\" decoding=\"async\" class=\"alignnone size-full wp-image-632\" src=\"https:\/\/danielbehmenburg.files.wordpress.com\/2020\/04\/kettwig-rathaus.jpg\" alt=\"Kettwig Rathaus\" width=\"3000\" height=\"2000\" \/><\/p>\n<p>SPD in Kettwig kritisiert Entscheidung der Essener Stadtspitze, das Bezirksb\u00fcrgeramt in Kettwig geschlossen zu halten.<\/p>\n<p>Mit Unverst\u00e4ndnis hat die SPD in Kettwig auf die Entscheidung der Essener Stadtspitze reagiert, das Bezirksb\u00fcrgeramt in Kettwig weiter geschlossen zu halten und stattdessen nur gr\u00f6\u00dfere zentrale B\u00fcrger\u00e4mter zu \u00f6ffnen. \u201eDezentrale L\u00f6sungen f\u00fcr notwendige Verwaltungsg\u00e4nge sollten eigentlich das Gebot der Stunde sein. Unn\u00f6tig lange Wege und damit Infektionsketten m\u00fcssen dort wo m\u00f6glich vermieden werden. Die Bezirksb\u00fcrger\u00e4mter sollten deshalb eher vorrangig ge\u00f6ffnet werden. Insbesondere im weitl\u00e4ufigen Stadtbezirk IX hei\u00dft das ansonsten lange Wege f\u00fcr die B\u00fcrgerinnen und B\u00fcrger. Das Kettwiger Rathaus bietet gemeinsam mit dem Vorplatz genug Raum, um die Besucherinnen und Besucher, aber auch die Mitarbeiterinnen und Mitarbeiter, vor einer Ansteckung zu sch\u00fctzen. Das Kostenargument oder angebliche Beschaffungsprobleme von Plexiglasscheiben halte ich an der Stelle nur f\u00fcr vorgeschoben. Die kleinen H\u00e4ndler vor Ort haben diese Herausforderung auch gemeistert, deshalb erwarte ich von der Stadtspitze, dass sie sich ebenso ins Zeug legt\u201c, so der Vorsitzende der Kettwiger Sozialdemokraten Daniel Behmenburg.<\/p>\n<p>Behmenburgs Vorstandskollegin Susanne Gilbert erg\u00e4nzt: \u201eDer zust\u00e4ndige Dezernent hat nie einen Hehl daraus gemacht, dass er die kleinen B\u00fcrger\u00e4mter f\u00fcr \u00fcberfl\u00fcssig h\u00e4lt. Es gab immer einen breiten Konsens unter den Parteien in Kettwig, hier den Anf\u00e4ngen zu wehren. Wir hoffen, dass dem immer noch so ist. Aktuelle Verlautbarungen der Kolleginnen und Kollegen vor Ort irritieren uns hier. Wir werden ein wachsames Auge darauf haben, dass die aktuelle Situation nicht zur dauerhaften Schlie\u00dfung der Bezirksb\u00fcrger\u00e4mter f\u00fchrt. Wir bleiben dabei \u2013 eine b\u00fcrgernahe Verwaltung muss bei den Menschen vor Ort sein! Auch und gerade in Krisenzeiten.\u201c<\/p>\n","protected":false},"excerpt":{"rendered":"<p>SPD in Kettwig kritisiert Entscheidung der Essener Stadtspitze, das Bezirksb\u00fcrgeramt in Kettwig geschlossen zu halten. Mit Unverst\u00e4ndnis hat die SPD in Kettwig auf die Entscheidung der Essener Stadtspitze reagiert, das Bezirksb\u00fcrgeramt in Kettwig weiter geschlossen zu halten und stattdessen nur gr\u00f6\u00dfere zentrale B\u00fcrger\u00e4mter zu \u00f6ffnen. \u201eDezentrale L\u00f6sungen f\u00fcr notwendige Verwaltungsg\u00e4nge [&hellip;]<\/p>\n","protected":false},"author":1,"featured_media":0,"comment_status":"closed","ping_status":"open","sticky":false,"template":"","format":"standard","meta":{"footnotes":""},"categories":[5],"tags":[72,43,42,57,78],"class_list":["post-629","post","type-post","status-publish","format-standard","hentry","category-bv-ix","tag-bezirk-ix","tag-bezirksbuergeramt","tag-buergeramt","tag-kettwig","tag-verwaltung"],"_links":{"self":[{"href":"https:\/\/daniel-behmenburg.de\/index.php?rest_route=\/wp\/v2\/posts\/629","targetHints":{"allow":["GET"]}}],"collection":[{"href":"https:\/\/daniel-behmenburg.de\/index.php?rest_route=\/wp\/v2\/posts"}],"about":[{"href":"https:\/\/daniel-behmenburg.de\/index.php?rest_route=\/wp\/v2\/types\/post"}],"author":[{"embeddable":true,"href":"https:\/\/daniel-behmenburg.de\/index.php?rest_route=\/wp\/v2\/users\/1"}],"replies":[{"embeddable":true,"href":"https:\/\/daniel-behmenburg.de\/index.php?rest_route=%2Fwp%2Fv2%2Fcomments&post=629"}],"version-history":[{"count":1,"href":"https:\/\/daniel-behmenburg.de\/index.php?rest_route=\/wp\/v2\/posts\/629\/revisions"}],"predecessor-version":[{"id":994,"href":"https:\/\/daniel-behmenburg.de\/index.php?rest_route=\/wp\/v2\/posts\/629\/revisions\/994"}],"wp:attachment":[{"href":"https:\/\/daniel-behmenburg.de\/index.php?rest_route=%2Fwp%2Fv2%2Fmedia&parent=629"}],"wp:term":[{"taxonomy":"category","embeddable":true,"href":"https:\/\/daniel-behmenburg.de\/index.php?rest_route=%2Fwp%2Fv2%2Fcategories&post=629"},{"taxonomy":"post_tag","embeddable":true,"href":"https:\/\/daniel-behmenburg.de\/index.php?rest_route=%2Fwp%2Fv2%2Ftags&post=629"}],"curies":[{"name":"wp","href":"https:\/\/api.w.org\/{rel}","templated":true}]}}