{"id":620,"date":"2020-03-06T12:09:06","date_gmt":"2020-03-06T12:09:06","guid":{"rendered":"https:\/\/danielbehmenburg.wordpress.com\/2020\/03\/06\/wohnortnahes-schulangebot-im-stadtbezirk-ix-sicherstellen\/"},"modified":"2020-12-23T11:58:18","modified_gmt":"2020-12-23T11:58:18","slug":"wohnortnahes-schulangebot-im-stadtbezirk-ix-sicherstellen","status":"publish","type":"post","link":"https:\/\/daniel-behmenburg.de\/?p=620","title":{"rendered":"Wohnortnahes Schulangebot im Stadtbezirk IX sicherstellen"},"content":{"rendered":"<p>\u201eDie Sorgen der Eltern, keinen wohnortnahen Platz an einem Gymnasium zu finden, nehmen wir \u00e4u\u00dferst ernst. Seit Jahren weisen wir darauf hin, dass bei Neubauprojekten in den Stadtteilen die Infrastruktur mitwachsen muss. Nach der Kita- und der Parkplatzsituation, um nur zwei Beispiele zu nennen, ist nun die Versorgung mit einem wohnortnahem Schulplatz ein Problem. Auf dem Papier geplant liest sich das immer gut. Jedoch reicht wie im aktuellen Fall bereits eine unvorhergesehene Komponente aus, um die Planungen wie ein Kartenhaus zusammenfallen zu lassen. Ich bin guter Dinge, dass Verwaltung, Politik und Schulleitungen im Schulterschluss mit den betroffenen Familien nun schnellst m\u00f6glich nach L\u00f6sungen suchen werden\u201c, so Daniel Behmenburg, Vorsitzender der SPD-Fraktion im Stadtbezirk IX.<\/p>\n<p>Bereits in der vergangenen Woche haben sich mehrere Eltern mit der Sorge, f\u00fcr Ihre Kinder keinen Platz an einem Gymnasium im Bezirk IX zu erhalten, an die SPD-Fraktion in der Bezirksvertretung IX gewandt. Die Sozialdemokraten haben sich daraufhin unmittelbar das zust\u00e4ndige Dezernat sowie die Schulpolitikerinnen und Schulpolitiker in der eigenen Fraktion angeschrieben und auf das Problem aufmerksam gemacht.<\/p>\n<p>\u201eEin kurzer Weg zur Schule sollte eines der Kriterien Nr. 1 bei der Vergabe der Pl\u00e4tze sein. Vor Ort haben die Kinder und Jugendlichen ihr soziales Umfeld. In unserer schnelllebigen und oftmals stressigen Zeit ist ein solcher Ankerpunkt wichtig. Auch die Vereinbarkeit von Familie und Beruf f\u00fcr die Eltern kann bei einem wohnortnahen Schulplatz besser gew\u00e4hrleistet werden. Dass es \u00f6konomisch unter vielen Gesichtspunkten keinen Sinn macht, durch die halbe Stadt zur Schule zu fahren, sei am Rande auch erw\u00e4hnt. Mit Sicherheit spricht die hohe Nachfrage f\u00fcr die Qualit\u00e4t des Unterrichts an den Schulen in unserem Bezirk sowie f\u00fcr den Einsatz der Lehrerinnen und Lehrer und die oftmals helfende Hand der Eltern. Ohne jetzt hier die Kinder gegeneinander auszuspielen, sollten aus den oben genannten Gr\u00fcnden aber vorrangig Bewerberinnen und Bewerber aus dem gleichen Stadtteil bei der Platzvergabe ber\u00fccksichtigt werden\u201c, f\u00fchrt Behmenburgs Fraktionskollege Jan Robert Belouschek aus.<\/p>\n<p>\u201eIch bin eigentlich davon ausgegangen, dass die Mitglieder des Rates im Stadtbezirk solche Themen regelm\u00e4\u00dfig in den Gremien auf der Tagesordnung haben. Das ist anscheinend nicht der Fall. Deshalb muss man hier aus Fehlern lernen. So sollte zuk\u00fcnftig im Voraus detailliert \u00fcber die Anmeldesituation an den Schulen informiert werden. Und zwar so fr\u00fchzeitig, dass man in den n\u00e4chsten Jahren dann noch problemlos nach L\u00f6sungen suchen kann, ohne die Eltern in Sorge zu versetzen\u201c, so Behmenburg abschlie\u00dfend.<\/p>\n","protected":false},"excerpt":{"rendered":"<p>\u201eDie Sorgen der Eltern, keinen wohnortnahen Platz an einem Gymnasium zu finden, nehmen wir \u00e4u\u00dferst ernst. Seit Jahren weisen wir darauf hin, dass bei Neubauprojekten in den Stadtteilen die Infrastruktur mitwachsen muss. Nach der Kita- und der Parkplatzsituation, um nur zwei Beispiele zu nennen, ist nun die Versorgung mit einem [&hellip;]<\/p>\n","protected":false},"author":1,"featured_media":0,"comment_status":"closed","ping_status":"open","sticky":false,"template":"","format":"standard","meta":{"footnotes":""},"categories":[39,6],"tags":[72,81,57,80,55,83,82],"class_list":["post-620","post","type-post","status-publish","format-standard","hentry","category-bezirk-ix","category-kettwig","tag-bezirk-ix","tag-einschulung","tag-kettwig","tag-schulanmeldungen","tag-schule","tag-thg","tag-weiterfuehrende-schule"],"_links":{"self":[{"href":"https:\/\/daniel-behmenburg.de\/index.php?rest_route=\/wp\/v2\/posts\/620","targetHints":{"allow":["GET"]}}],"collection":[{"href":"https:\/\/daniel-behmenburg.de\/index.php?rest_route=\/wp\/v2\/posts"}],"about":[{"href":"https:\/\/daniel-behmenburg.de\/index.php?rest_route=\/wp\/v2\/types\/post"}],"author":[{"embeddable":true,"href":"https:\/\/daniel-behmenburg.de\/index.php?rest_route=\/wp\/v2\/users\/1"}],"replies":[{"embeddable":true,"href":"https:\/\/daniel-behmenburg.de\/index.php?rest_route=%2Fwp%2Fv2%2Fcomments&post=620"}],"version-history":[{"count":1,"href":"https:\/\/daniel-behmenburg.de\/index.php?rest_route=\/wp\/v2\/posts\/620\/revisions"}],"predecessor-version":[{"id":997,"href":"https:\/\/daniel-behmenburg.de\/index.php?rest_route=\/wp\/v2\/posts\/620\/revisions\/997"}],"wp:attachment":[{"href":"https:\/\/daniel-behmenburg.de\/index.php?rest_route=%2Fwp%2Fv2%2Fmedia&parent=620"}],"wp:term":[{"taxonomy":"category","embeddable":true,"href":"https:\/\/daniel-behmenburg.de\/index.php?rest_route=%2Fwp%2Fv2%2Fcategories&post=620"},{"taxonomy":"post_tag","embeddable":true,"href":"https:\/\/daniel-behmenburg.de\/index.php?rest_route=%2Fwp%2Fv2%2Ftags&post=620"}],"curies":[{"name":"wp","href":"https:\/\/api.w.org\/{rel}","templated":true}]}}