{"id":616,"date":"2019-09-19T15:31:32","date_gmt":"2019-09-19T15:31:32","guid":{"rendered":"https:\/\/danielbehmenburg.wordpress.com\/?p=616"},"modified":"2020-12-23T11:58:18","modified_gmt":"2020-12-23T11:58:18","slug":"gut-gemeint-schlecht-umgesetzt-radfahrer-muessen-sich-sicher-fuehlen-koennen","status":"publish","type":"post","link":"https:\/\/daniel-behmenburg.de\/?p=616","title":{"rendered":"Gut gemeint \u2013 schlecht umgesetzt | Radfahrer m\u00fcssen sich sicher f\u00fchlen k\u00f6nnen"},"content":{"rendered":"<p><strong>SPD-Fraktion \u00e4u\u00dfert sich zur Diskussion um die Fahrradstra\u00dfe am Promenadenweg<\/strong><\/p>\n<p>Die fertig gestellte Fahrradstra\u00dfe am Promenadenweg in Kettwig wird derzeit kontrovers diskutiert. Hauptthema ist die sehr enge Fahrbahn, die einen beidseitigen Radverkehr und den Autoverkehr in eine Richtung aufnehmen muss. Die Kettwiger Bezirksvertreter Heike Lohmann und Daniel Behmenburg waren bei der Er\u00f6ffnung des neu gestalteten Promenadenbereichs \u201eKettwig Oberwasser\u201c dabei und konnten sich so \u00fcber eine lange Zeit ein Bild von der Situation machen. Auch viele Besucherinnen und Besucher suchten zu diesem Anlass das Gespr\u00e4ch mit den Bezirksvertretern und den Vertretern von Polizei und Verwaltung.<\/p>\n<p>\u201eViele G\u00e4ste haben ihrem Unmut \u00fcber die Fahrradstra\u00dfe freien Lauf gelassen. Und sie haben vollkommen recht. Die Planung war gut gemeint, die bauliche Umsetzung jedoch sehr schlecht durchdacht. Eigentlich sollte nach dem Willen der Bezirksvertretung IX die Durchfahrt f\u00fcr Radfahrer auf dem Ruhrtalradweg auf diesem St\u00fcck durch eine Fahrradstra\u00dfe besser und sicherer gestaltet werden. Das Gegenteil wurde erreicht. Eines ist nach den ersten Wochen klar: So kann die Situation nicht bleiben. Es ist nur eine Frage der Zeit, bis hier etwas passiert\u201c, so SPD-Fraktionsvorsitzender Daniel Behmenburg.<\/p>\n<p>Behmenburgs Kollegin Heike Lohmann erg\u00e4nzt: \u201eMan muss nun zusehen, wie man die Situation rettet und entsch\u00e4rft. Sicherheit f\u00fcr die Radfahrer muss hier das erste Ziel sein. Die g\u00fcnstigste und auch einfachste L\u00f6sung w\u00e4re, den gro\u00dfz\u00fcgigen Gehweg oben an den Neubauten am Promenadenweg zum Fahrradweg zu machen. Einzig die beiden Zug\u00e4nge aus dem Neubaugebiet m\u00fcssten dann sicher in den Bereich integriert werden. Dann h\u00e4tte man die Situation gut aufgeteilt. Am Uferbereich k\u00f6nnen die Fu\u00dfg\u00e4nger spazieren, auf der Stra\u00dfe h\u00e4tte der Autoverkehr Platz und auf dem jetzt neu gemachten Weg k\u00f6nnten die Radlerinnen und Radler gem\u00fctlich fahren. So, wie es vorher bereits war. Mit dem kleinen Unterschied, dass f\u00fcr den Radverkehr mehr Platz besteht und der Fahrradweg gut ausgebaut ist.\u201c<\/p>\n<p>\u201eNun als Konsequenz eine Sperrung des Promenadenweges f\u00fcr den Autoverkehr anzudenken, wie von einigen Seiten bereits zu h\u00f6ren, halten wir f\u00fcr verfehlt. Das w\u00fcrde eine wesentliche Verkehrssteigerung f\u00fcr die Bachstra\u00dfe bedeuten, die durch die Bauma\u00dfnahmen eh schon zus\u00e4tzlich belastet ist. Das k\u00f6nnen wir den Anwohnerinnen und Anwohner dort nicht zumuten\u201c, so Behmenburg abschlie\u00dfend.<\/p>\n","protected":false},"excerpt":{"rendered":"<p>SPD-Fraktion \u00e4u\u00dfert sich zur Diskussion um die Fahrradstra\u00dfe am Promenadenweg Die fertig gestellte Fahrradstra\u00dfe am Promenadenweg in Kettwig wird derzeit kontrovers diskutiert. Hauptthema ist die sehr enge Fahrbahn, die einen beidseitigen Radverkehr und den Autoverkehr in eine Richtung aufnehmen muss. Die Kettwiger Bezirksvertreter Heike Lohmann und Daniel Behmenburg waren bei [&hellip;]<\/p>\n","protected":false},"author":1,"featured_media":0,"comment_status":"closed","ping_status":"open","sticky":false,"template":"","format":"standard","meta":{"footnotes":""},"categories":[6],"tags":[70,90,57,64,67,89,69],"class_list":["post-616","post","type-post","status-publish","format-standard","hentry","category-kettwig","tag-fahrrad","tag-fahrradstrasse","tag-kettwig","tag-mobilitaet","tag-mobilitaetswende","tag-promenadenweg","tag-radverkehr"],"_links":{"self":[{"href":"https:\/\/daniel-behmenburg.de\/index.php?rest_route=\/wp\/v2\/posts\/616","targetHints":{"allow":["GET"]}}],"collection":[{"href":"https:\/\/daniel-behmenburg.de\/index.php?rest_route=\/wp\/v2\/posts"}],"about":[{"href":"https:\/\/daniel-behmenburg.de\/index.php?rest_route=\/wp\/v2\/types\/post"}],"author":[{"embeddable":true,"href":"https:\/\/daniel-behmenburg.de\/index.php?rest_route=\/wp\/v2\/users\/1"}],"replies":[{"embeddable":true,"href":"https:\/\/daniel-behmenburg.de\/index.php?rest_route=%2Fwp%2Fv2%2Fcomments&post=616"}],"version-history":[{"count":1,"href":"https:\/\/daniel-behmenburg.de\/index.php?rest_route=\/wp\/v2\/posts\/616\/revisions"}],"predecessor-version":[{"id":999,"href":"https:\/\/daniel-behmenburg.de\/index.php?rest_route=\/wp\/v2\/posts\/616\/revisions\/999"}],"wp:attachment":[{"href":"https:\/\/daniel-behmenburg.de\/index.php?rest_route=%2Fwp%2Fv2%2Fmedia&parent=616"}],"wp:term":[{"taxonomy":"category","embeddable":true,"href":"https:\/\/daniel-behmenburg.de\/index.php?rest_route=%2Fwp%2Fv2%2Fcategories&post=616"},{"taxonomy":"post_tag","embeddable":true,"href":"https:\/\/daniel-behmenburg.de\/index.php?rest_route=%2Fwp%2Fv2%2Ftags&post=616"}],"curies":[{"name":"wp","href":"https:\/\/api.w.org\/{rel}","templated":true}]}}