{"id":599,"date":"2019-07-11T05:43:19","date_gmt":"2019-07-11T05:43:19","guid":{"rendered":"https:\/\/danielbehmenburg.wordpress.com\/?p=599"},"modified":"2020-12-23T11:58:18","modified_gmt":"2020-12-23T11:58:18","slug":"ob-kufen-blockiert-entwicklung-im-loewental","status":"publish","type":"post","link":"https:\/\/daniel-behmenburg.de\/?p=599","title":{"rendered":"OB Kufen blockiert Entwicklung im L\u00f6wental"},"content":{"rendered":"<p class=\"Default\"><em>Designierter SPD-OB-Kandidat Oliver Kern fordert Oberb\u00fcrgermeister Thomas Kufen zum Handeln im Werdener L\u00f6wental auf: Kindesinteressen und Stadtplanung unter einen Hut bringen!<\/em><\/p>\n<p class=\"Default\"><b>Essen<\/b>. Die Entwicklung der Fl\u00e4che des ehemaligen Fl\u00fcchtlingsheims L\u00f6wental\/Alter Bahnhof in Werden stockt. W\u00e4hrend die Politik vor Ort, Vereine sowie B\u00fcrgerinnen und B\u00fcrger einhellig eine Neubebauung des Areals mit Kita und Hotel begr\u00fc\u00dfen, lassen konkrete Schritte von Seiten der Stadtverwaltung zum Start einer Neubebauung auf sich warten.<\/p>\n<p class=\"Default\">Dazu erkl\u00e4rt der <b>designierte SPD-Kandidat f\u00fcr die OB-Wahl, Oliver Kern<\/b>: \u201eEs kann nicht sein, dass die dringend ben\u00f6tigte Schaffung von Kita-Pl\u00e4tzen im Bezirk IX aus angeblich planungsrechtlichen Bedenken auf die lange Bank geschoben wird. Gerade hier ist schnelles und unb\u00fcrokratisches Handeln vonn\u00f6ten, um den Familien in unserer Stadt eine bessere Perspektive zu geben. Fast 3000 fehlende Kitapl\u00e4tze sollten hier Auftrag genug sein. Ich fordere den Oberb\u00fcrgermeister auf, endlich zu handeln und Kindeswohl und Planungsinteressen unter einen Hut zu bringen.\u201c<\/p>\n<p class=\"Default\"><b>Daniel Behmenburg, Sprecher der SPD-Fraktion in der Bezirksvertretung IX<\/b>, warnt davor, die Chance auf einen von allen Seiten getragenen Konsens zu verspielen: \u201eMir f\u00e4llt kein zweites Thema ein, bei dem so viele unterschiedliche Personengruppen \u2013 die B\u00fcrger, unsere Vereine und nicht zuletzt alle Fraktionen in der Bezirksvertretung IX \u2013 sich f\u00fcr eine gemeinsame L\u00f6sung aussprechen. Und das ist ganz klar die Kombi-L\u00f6sung aus Kita und Hotel. Die Chance, allen Seiten gerecht zu werden, wird nun durch Z\u00f6gerlichkeit an der Stadtspitze v\u00f6llig unn\u00f6tig gef\u00e4hrdet. So schafft man Politikverdrossenheit mit Ansage.\u201c<\/p>\n","protected":false},"excerpt":{"rendered":"<p>Designierter SPD-OB-Kandidat Oliver Kern fordert Oberb\u00fcrgermeister Thomas Kufen zum Handeln im Werdener L\u00f6wental auf: Kindesinteressen und Stadtplanung unter einen Hut bringen! Essen. Die Entwicklung der Fl\u00e4che des ehemaligen Fl\u00fcchtlingsheims L\u00f6wental\/Alter Bahnhof in Werden stockt. W\u00e4hrend die Politik vor Ort, Vereine sowie B\u00fcrgerinnen und B\u00fcrger einhellig eine Neubebauung des Areals mit [&hellip;]<\/p>\n","protected":false},"author":1,"featured_media":0,"comment_status":"closed","ping_status":"open","sticky":false,"template":"","format":"standard","meta":{"footnotes":""},"categories":[27],"tags":[105,107,106,104,108],"class_list":["post-599","post","type-post","status-publish","format-standard","hentry","category-werden","tag-hotel","tag-kita","tag-kufen","tag-loewental","tag-masterplan-loewental"],"_links":{"self":[{"href":"https:\/\/daniel-behmenburg.de\/index.php?rest_route=\/wp\/v2\/posts\/599","targetHints":{"allow":["GET"]}}],"collection":[{"href":"https:\/\/daniel-behmenburg.de\/index.php?rest_route=\/wp\/v2\/posts"}],"about":[{"href":"https:\/\/daniel-behmenburg.de\/index.php?rest_route=\/wp\/v2\/types\/post"}],"author":[{"embeddable":true,"href":"https:\/\/daniel-behmenburg.de\/index.php?rest_route=\/wp\/v2\/users\/1"}],"replies":[{"embeddable":true,"href":"https:\/\/daniel-behmenburg.de\/index.php?rest_route=%2Fwp%2Fv2%2Fcomments&post=599"}],"version-history":[{"count":1,"href":"https:\/\/daniel-behmenburg.de\/index.php?rest_route=\/wp\/v2\/posts\/599\/revisions"}],"predecessor-version":[{"id":1011,"href":"https:\/\/daniel-behmenburg.de\/index.php?rest_route=\/wp\/v2\/posts\/599\/revisions\/1011"}],"wp:attachment":[{"href":"https:\/\/daniel-behmenburg.de\/index.php?rest_route=%2Fwp%2Fv2%2Fmedia&parent=599"}],"wp:term":[{"taxonomy":"category","embeddable":true,"href":"https:\/\/daniel-behmenburg.de\/index.php?rest_route=%2Fwp%2Fv2%2Fcategories&post=599"},{"taxonomy":"post_tag","embeddable":true,"href":"https:\/\/daniel-behmenburg.de\/index.php?rest_route=%2Fwp%2Fv2%2Ftags&post=599"}],"curies":[{"name":"wp","href":"https:\/\/api.w.org\/{rel}","templated":true}]}}