{"id":595,"date":"2019-05-29T05:44:32","date_gmt":"2019-05-29T05:44:32","guid":{"rendered":"https:\/\/danielbehmenburg.wordpress.com\/?p=595"},"modified":"2020-12-23T11:58:18","modified_gmt":"2020-12-23T11:58:18","slug":"anbindung-von-kettwig-an-muelheim-sicherstellen-die-buslinie-151-in-der-jetzigen-form-erhalten","status":"publish","type":"post","link":"https:\/\/daniel-behmenburg.de\/?p=595","title":{"rendered":"Anbindung von Kettwig an M\u00fclheim sicherstellen &#8211; Die Buslinie 151 in der jetzigen Form erhalten"},"content":{"rendered":"<p>SPD-Fraktion in der Bezirksvertretung IX appelliert an M\u00fclheimer Ratspolitik<\/p>\n<p>\u201eNach dem Wegfall der Busanbindung von Kettwig nach Mintard wird so nun die letzte direkte Anbindung von Kettwig nach M\u00fclheim gekappt. Eine Bedarfslinie auf dieser Strecke und das Aussparen des Kettwiger Ortskern ist der Anfang der kompletten Einstellung dieser Linie. In Zukunft wird dann f\u00fcr die Fahrt nach M\u00fclheim nur noch der Umweg \u00fcber den Essener Hauptbahnhof bleiben. Entweder mit dem 142er mit seiner sehr langen Fahrtzeit oder der unzuverl\u00e4ssigen S6. Es ist mir unverst\u00e4ndlich, dass solche Pl\u00e4ne nicht mit den betroffenen Nachbarn im Vorfeld besprochen werden. Ich hatte gehofft, dass wir in der interkommunalen Zusammenarbeit langsam ein St\u00fcckchen weiter sind. Ob das die richtigen Antworten sind, um die Menschen f\u00fcr den \u00f6ffentlichen Nahverkehr zu begeistern, halte ich f\u00fcr sehr fraglich\u201c, so der Fraktionsvorsitzende der SPD in der Bezirksvertretung IX, Daniel Behmenburg.<\/p>\n<p>\u201eF\u00fcr die Menschen in Ickten f\u00e4llt so die einzige \u00f6ffentliche Buslinie, die sie mit dem Kettwiger Stadtteilzentrum verbindet, weg. Hier k\u00f6nnen wir sehr dankbar \u00fcber das Angebot des B\u00fcrgerbusses sein, der aber auch nur eine begrenzte r\u00e4umliche und zeitliche Kapazit\u00e4t hat. Und auch die Anbindung an M\u00fclheim ist nur noch zu den Hauptverkehrszeiten gegeben\u201c, f\u00fchrt Bezirksvertreter Jan-Robert Belouschek weiter aus.<\/p>\n<p>Seine Kollegin Heike Lohmann erg\u00e4nzt: \u201eWir verlieren so auch die direkte Anbindung des Kettwiger Zentrums an das Schwimmbad. Zuk\u00fcnftig wird man also den Umweg \u00fcber Kettwig auf der H\u00f6he in Kauf nehmen m\u00fcssen. Und das in einem 142er, der zu den Sto\u00dfzeiten bereits sehr voll ist. Auch G\u00e4ste aus M\u00fclheim werden zuk\u00fcnftig das Schwimmzentrum Kettwig nicht mehr so einfach erreichen k\u00f6nnen. Alles in allem wenig durchdacht diese Pl\u00e4ne.\u201c<\/p>\n<hr \/>\n<p><em><u>Hintergrund:<\/u> Mit der Drucksache V 19\/0396-01 vom 21. Mai 2019 hat die Verwaltung der Stadt M\u00fclheim Eckpunkte zur Fortschreibung des Nahverkehrsplans vorgelegt. Die Linie 151 soll zuk\u00fcnftig als Linie D1 lediglich noch im Stundentakt zu den Hauptverkehrszeiten fortgef\u00fchrt werden und auf Kettwiger bzw. Essener Gebiet lediglich noch die Haltstellen \u201eIm K\u00f6rfken\u201c, \u201eIcktener Stra\u00dfe\u201c, \u201eWellmuth\u201c, \u201eBrederbachstra\u00dfe\u201c, \u201eErftstra\u00dfe\u201c, und \u201eSchwimmbad Kettwig\u201c bedienen.<\/em><\/p>\n","protected":false},"excerpt":{"rendered":"<p>SPD-Fraktion in der Bezirksvertretung IX appelliert an M\u00fclheimer Ratspolitik \u201eNach dem Wegfall der Busanbindung von Kettwig nach Mintard wird so nun die letzte direkte Anbindung von Kettwig nach M\u00fclheim gekappt. Eine Bedarfslinie auf dieser Strecke und das Aussparen des Kettwiger Ortskern ist der Anfang der kompletten Einstellung dieser Linie. In [&hellip;]<\/p>\n","protected":false},"author":1,"featured_media":0,"comment_status":"closed","ping_status":"open","sticky":false,"template":"","format":"standard","meta":{"footnotes":""},"categories":[6],"tags":[109,111,57,64,67,112,113,110],"class_list":["post-595","post","type-post","status-publish","format-standard","hentry","category-kettwig","tag-109","tag-busanbindung","tag-kettwig","tag-mobilitaet","tag-mobilitaetswende","tag-nahverkehr","tag-oepnv","tag-ruhrbahn"],"_links":{"self":[{"href":"https:\/\/daniel-behmenburg.de\/index.php?rest_route=\/wp\/v2\/posts\/595","targetHints":{"allow":["GET"]}}],"collection":[{"href":"https:\/\/daniel-behmenburg.de\/index.php?rest_route=\/wp\/v2\/posts"}],"about":[{"href":"https:\/\/daniel-behmenburg.de\/index.php?rest_route=\/wp\/v2\/types\/post"}],"author":[{"embeddable":true,"href":"https:\/\/daniel-behmenburg.de\/index.php?rest_route=\/wp\/v2\/users\/1"}],"replies":[{"embeddable":true,"href":"https:\/\/daniel-behmenburg.de\/index.php?rest_route=%2Fwp%2Fv2%2Fcomments&post=595"}],"version-history":[{"count":1,"href":"https:\/\/daniel-behmenburg.de\/index.php?rest_route=\/wp\/v2\/posts\/595\/revisions"}],"predecessor-version":[{"id":1013,"href":"https:\/\/daniel-behmenburg.de\/index.php?rest_route=\/wp\/v2\/posts\/595\/revisions\/1013"}],"wp:attachment":[{"href":"https:\/\/daniel-behmenburg.de\/index.php?rest_route=%2Fwp%2Fv2%2Fmedia&parent=595"}],"wp:term":[{"taxonomy":"category","embeddable":true,"href":"https:\/\/daniel-behmenburg.de\/index.php?rest_route=%2Fwp%2Fv2%2Fcategories&post=595"},{"taxonomy":"post_tag","embeddable":true,"href":"https:\/\/daniel-behmenburg.de\/index.php?rest_route=%2Fwp%2Fv2%2Ftags&post=595"}],"curies":[{"name":"wp","href":"https:\/\/api.w.org\/{rel}","templated":true}]}}