{"id":583,"date":"2018-11-09T15:05:11","date_gmt":"2018-11-09T15:05:11","guid":{"rendered":"https:\/\/danielbehmenburg.wordpress.com\/?p=583"},"modified":"2020-12-23T11:58:18","modified_gmt":"2020-12-23T11:58:18","slug":"9-november-tag-der-erinnerung-des-gedenkens-und-der-mahnung","status":"publish","type":"post","link":"https:\/\/daniel-behmenburg.de\/?p=583","title":{"rendered":"9.  November \u2013 Tag der Erinnerung, des Gedenkens und der Mahnung"},"content":{"rendered":"<p><strong>Kettwiger Sozialdemokraten s\u00e4uberten Gedenkstein in Kettwig vor der Br\u00fccke<\/strong><\/p>\n<p><img loading=\"lazy\" decoding=\"async\" class=\"alignnone size-full wp-image-584\" src=\"https:\/\/danielbehmenburg.files.wordpress.com\/2018\/11\/dsc_2401.jpg\" alt=\"dsc_2401\" width=\"2600\" height=\"1733\" \/><\/p>\n<p>Der 9. November ist gef\u00fchlsm\u00e4\u00dfig ein sehr zwiesp\u00e4ltiger Tag. Gedenken wir auf der einen Seite des 100. Jahrestages der Ausrufung der deutschen Republik durch Philipp Scheidemann und dem Fall der Berliner Mauer als Zeichen des Zusammenwachsens und der Einigkeit, so j\u00e4hrt sich am 9. November 2018 mit der Reichspogromnacht aber auch zum 80. Mal der Beginn eines der gr\u00f6\u00dften Verbrechen der Menschheitsgeschichte.<\/p>\n<p>\u201eDer 9. November ist deshalb f\u00fcr uns Tag der Mahnung und des Gedenkens. Heute erinnern wir uns, in welche Richtungen Gesellschaft sich entwickeln kann und welchen Wert Frieden und Freiheit, die wir so oft als selbstverst\u00e4ndlich hinnehmen, haben. Gerade in Zeiten eines erstarkenden Fremdenhasses und Antisemitismus im Besonderen, trifft uns mehr denn je die Verpflichtung, f\u00fcr unsere Demokratie und ein gutes Miteinander der Menschen einzustehen und zu streiten. Bundespr\u00e4sident Frank-Walter Steinmeier hat deshalb absolut recht, wenn er mahnt, dass wir keinen neuen, aggressiven Nationalismus, sondern einen demokratischen Patriotismus brauchen. Das ist die gro\u00dfe politische Herausforderung der heutigen Zeit\u201c, so die SPD Bezirksvertreter Daniel Behmenburg und Heike Lohmann und der Kettwiger SPD-Ortsvereinsvorsitzende Johannes Busley.<\/p>\n<p>Um ihren Worten auch Taten folgen zu lassen, s\u00e4uberten die drei Kettwiger Sozialdemokraten heute den Gedenkstein f\u00fcr die j\u00fcdische Gemeinde in Kettwig vor der Br\u00fccke und das Umfeld.<\/p>\n\n","protected":false},"excerpt":{"rendered":"<p>Kettwiger Sozialdemokraten s\u00e4uberten Gedenkstein in Kettwig vor der Br\u00fccke Der 9. November ist gef\u00fchlsm\u00e4\u00dfig ein sehr zwiesp\u00e4ltiger Tag. Gedenken wir auf der einen Seite des 100. Jahrestages der Ausrufung der deutschen Republik durch Philipp Scheidemann und dem Fall der Berliner Mauer als Zeichen des Zusammenwachsens und der Einigkeit, so j\u00e4hrt [&hellip;]<\/p>\n","protected":false},"author":1,"featured_media":0,"comment_status":"closed","ping_status":"open","sticky":false,"template":"","format":"standard","meta":{"footnotes":""},"categories":[6],"tags":[115,117,57,116,60],"class_list":["post-583","post","type-post","status-publish","format-standard","hentry","category-kettwig","tag-9-november","tag-gedenken","tag-kettwig","tag-nie-wieder","tag-spd-kettwig"],"_links":{"self":[{"href":"https:\/\/daniel-behmenburg.de\/index.php?rest_route=\/wp\/v2\/posts\/583","targetHints":{"allow":["GET"]}}],"collection":[{"href":"https:\/\/daniel-behmenburg.de\/index.php?rest_route=\/wp\/v2\/posts"}],"about":[{"href":"https:\/\/daniel-behmenburg.de\/index.php?rest_route=\/wp\/v2\/types\/post"}],"author":[{"embeddable":true,"href":"https:\/\/daniel-behmenburg.de\/index.php?rest_route=\/wp\/v2\/users\/1"}],"replies":[{"embeddable":true,"href":"https:\/\/daniel-behmenburg.de\/index.php?rest_route=%2Fwp%2Fv2%2Fcomments&post=583"}],"version-history":[{"count":1,"href":"https:\/\/daniel-behmenburg.de\/index.php?rest_route=\/wp\/v2\/posts\/583\/revisions"}],"predecessor-version":[{"id":1022,"href":"https:\/\/daniel-behmenburg.de\/index.php?rest_route=\/wp\/v2\/posts\/583\/revisions\/1022"}],"wp:attachment":[{"href":"https:\/\/daniel-behmenburg.de\/index.php?rest_route=%2Fwp%2Fv2%2Fmedia&parent=583"}],"wp:term":[{"taxonomy":"category","embeddable":true,"href":"https:\/\/daniel-behmenburg.de\/index.php?rest_route=%2Fwp%2Fv2%2Fcategories&post=583"},{"taxonomy":"post_tag","embeddable":true,"href":"https:\/\/daniel-behmenburg.de\/index.php?rest_route=%2Fwp%2Fv2%2Ftags&post=583"}],"curies":[{"name":"wp","href":"https:\/\/api.w.org\/{rel}","templated":true}]}}