{"id":529,"date":"2018-08-15T14:13:06","date_gmt":"2018-08-15T14:13:06","guid":{"rendered":"https:\/\/danielbehmenburg.wordpress.com\/?p=529"},"modified":"2020-06-22T14:58:14","modified_gmt":"2020-06-22T14:58:14","slug":"bv-spd-fraktion-begruesst-planungen-fuer-umzug-der-feuerwehrwache-9-nach-bredeney-kritisiert-aber-angedachten-standort-und-verfahren","status":"publish","type":"post","link":"https:\/\/daniel-behmenburg.de\/?p=529","title":{"rendered":"BV-SPD-Fraktion begr\u00fc\u00dft Planungen f\u00fcr Umzug der Feuerwehrwache 9 nach Bredeney, kritisiert aber angedachten Standort und Verfahren"},"content":{"rendered":"<p><strong>Bezirkspolitiker verlangen Bericht der Verwaltung in der n\u00e4chsten Sitzung<\/strong><\/p>\n<p>\u201eDie Feuerwehr ist ein wichtiger und engagierter Partner in unseren Stadtteilen, der sich in das Leben dort weit \u00fcber die traditionelle Brandbek\u00e4mpfung hinaus einbringt. Diesem Einsatz geb\u00fchrt Dank und Respekt. Wir als SPD-Fraktion begr\u00fc\u00dfen es ausdr\u00fccklich, dass nach dem bestm\u00f6glichen neuen Standort f\u00fcr die Feuerwache 9 gesucht wird. Wir w\u00fcrden uns freuen, wenn die Feuerwehr in Bredeney eine neue Heimat finden w\u00fcrde. Allerdings halten wir die aktuellen \u00dcberlegungen f\u00fcr nicht ausgewogen\u201c, so Daniel Behmenburg, Fraktionsvorsitzender der SPD in der Bezirksvertretung IX.<\/p>\n<p>\u201eDie Parkpl\u00e4tze an diesem Standort werden von Pendlern, Anwohnern und Kunden der Bredeneyer Gesch\u00e4ftsstra\u00dfe gleicherma\u00dfen ben\u00f6tigt. Auch f\u00fcr den Sportplatz und die Sporthalle, die wir gerade nach einer General\u00fcberholung neu er\u00f6ffnet haben, sind die Parkpl\u00e4tze gerade bei gr\u00f6\u00dferen Veranstaltungen wichtig. Die Alfredstra\u00dfe ist dar\u00fcber hinaus ohnehin schon eine stark befahrene Stra\u00dfe, die in Sto\u00dfzeiten einem Nadel\u00f6hr gleicht. Weder dem bestehenden Verkehr noch der Feuerwehr tut man einen Gefallen, hier noch einen neuen Nutzer einzuf\u00fchren\u201c, f\u00fchrt die Bredeneyer Bezirksvertreterin Katja Geier weiter aus.<\/p>\n<p>\u201eIch k\u00f6nnte mir die Wache an anderer Stelle in Bredeney gut vorstellen. Spontan zum Beispiel auf dem Gel\u00e4nde der ehemaligen Karstadt-Hauptverwaltung \u2013 verkehrstechnisch absolut g\u00fcnstig gelegen. Synergieeffekte mit dem zuk\u00fcnftig direkt nebenan beheimateten Polizeipr\u00e4sidium w\u00fcrden sich mit Sicherheit auch ergeben. Man k\u00f6nnte auch \u00fcberlegen, die Menschen in der Fl\u00fcchtlingsunterkunft an der Lerchenstra\u00dfe an anderer Stelle unterzubringen und das dortige Areal zu nutzen\u201c, erg\u00e4nzt Daniel Behmenburg.<\/p>\n<p>Die WAZ Stadtteilzeitung hatte am 15. August erstmals \u00fcber Pl\u00e4ne berichtet, die Feuerwache 9 aus R\u00fcttenscheid nach Bredeney auf die Fl\u00e4che zwischen Alfredstra\u00dfe, Meisenburgstra\u00dfe und Grashofstra\u00dfe zu verlagern. Dieses w\u00fcrde zulasten des gro\u00dfen Parkplatzes und der Kleingartenanlage dort geschehen.<\/p>\n<p>\u201eBesonders entt\u00e4uschend finde ich, dass die Bezirksvertretung \u00fcber die Presse von diesen \u00dcberlegungen erfahren hat. Und das, obwohl das Thema anscheinend schon seit Jahren diskutiert wird. Leider ein trauriges Indiz daf\u00fcr, welchen Stellenwert die Vor-Ort-Politik in Teilen der Verwaltung zu haben scheint. Zum Gl\u00fcck gibt es dort aber auch andere Einstellungen, die fr\u00fch das Gespr\u00e4ch suchen, um dann gemeinsam zu guten Ergebnissen zu kommen. Ich erwarte im aktuellen Fall eine Berichterstattung der Verwaltung \u00fcber die Pl\u00e4ne in der n\u00e4chsten Sitzung der Bezirksvertretung IX\u201c, so Behmenburg abschlie\u00dfend, der auch Sprecher der SPD-Fraktionsvorsitzenden in den Essener Bezirksvertretungen ist.<\/p>\n","protected":false},"excerpt":{"rendered":"<p>Bezirkspolitiker verlangen Bericht der Verwaltung in der n\u00e4chsten Sitzung \u201eDie Feuerwehr ist ein wichtiger und engagierter Partner in unseren Stadtteilen, der sich in das Leben dort weit \u00fcber die traditionelle Brandbek\u00e4mpfung hinaus einbringt. Diesem Einsatz geb\u00fchrt Dank und Respekt. Wir als SPD-Fraktion begr\u00fc\u00dfen es ausdr\u00fccklich, dass nach dem bestm\u00f6glichen neuen [&hellip;]<\/p>\n","protected":false},"author":1,"featured_media":0,"comment_status":"open","ping_status":"open","sticky":false,"template":"","format":"standard","meta":{"footnotes":""},"categories":[16],"tags":[122,123,124],"class_list":["post-529","post","type-post","status-publish","format-standard","hentry","category-bredeney","tag-bredeney","tag-feuerwehr","tag-feuerwehrwache-9"],"_links":{"self":[{"href":"https:\/\/daniel-behmenburg.de\/index.php?rest_route=\/wp\/v2\/posts\/529","targetHints":{"allow":["GET"]}}],"collection":[{"href":"https:\/\/daniel-behmenburg.de\/index.php?rest_route=\/wp\/v2\/posts"}],"about":[{"href":"https:\/\/daniel-behmenburg.de\/index.php?rest_route=\/wp\/v2\/types\/post"}],"author":[{"embeddable":true,"href":"https:\/\/daniel-behmenburg.de\/index.php?rest_route=\/wp\/v2\/users\/1"}],"replies":[{"embeddable":true,"href":"https:\/\/daniel-behmenburg.de\/index.php?rest_route=%2Fwp%2Fv2%2Fcomments&post=529"}],"version-history":[{"count":1,"href":"https:\/\/daniel-behmenburg.de\/index.php?rest_route=\/wp\/v2\/posts\/529\/revisions"}],"predecessor-version":[{"id":1024,"href":"https:\/\/daniel-behmenburg.de\/index.php?rest_route=\/wp\/v2\/posts\/529\/revisions\/1024"}],"wp:attachment":[{"href":"https:\/\/daniel-behmenburg.de\/index.php?rest_route=%2Fwp%2Fv2%2Fmedia&parent=529"}],"wp:term":[{"taxonomy":"category","embeddable":true,"href":"https:\/\/daniel-behmenburg.de\/index.php?rest_route=%2Fwp%2Fv2%2Fcategories&post=529"},{"taxonomy":"post_tag","embeddable":true,"href":"https:\/\/daniel-behmenburg.de\/index.php?rest_route=%2Fwp%2Fv2%2Ftags&post=529"}],"curies":[{"name":"wp","href":"https:\/\/api.w.org\/{rel}","templated":true}]}}