{"id":525,"date":"2018-06-20T13:49:54","date_gmt":"2018-06-20T13:49:54","guid":{"rendered":"https:\/\/danielbehmenburg.wordpress.com\/?p=525"},"modified":"2020-06-22T20:37:56","modified_gmt":"2020-06-22T20:37:56","slug":"leben-in-unserer-stadt-muss-bezahlbar-und-attraktiv-bleiben","status":"publish","type":"post","link":"https:\/\/daniel-behmenburg.de\/?p=525","title":{"rendered":"Leben in unserer Stadt muss bezahlbar und attraktiv bleiben"},"content":{"rendered":"<p><strong><em>SPD-Ratsfraktion setzt sich f\u00fcr g\u00fcnstigen Wohnraum und neue Arbeitspl\u00e4tze ein \u2013 Dialog mit der Stadtgesellschaft wird gesucht<\/em><\/strong><\/p>\n<p><strong>Essen.<\/strong> Wer aktuell eine neue Bleibe in der Stadt Essen sucht, muss zumeist lange suchen und immer tiefer in seinen Geldbeutel greifen. Insbesondere junge Familien mit Durchschnittseinkommen tun sich immer schwerer, ein passendes Heim zu finden. Die SPD-Ratsfraktion hat dies auf ihrer Klausurtagung am vergangenen Wochenende zum Thema gemacht und L\u00f6sungsans\u00e4tze diskutiert. \u201eDie Debatte ist nicht neu, aber die Lage auf dem Essener Wohnungsmarkt spitzt sich immer weiter zu. Das geht vor allem zu Lasten derjenigen, die auf g\u00fcnstigen Wohnraum angewiesen sind. Wir glauben, dass wir eine L\u00f6sung nur im breiten Dialog mit der Stadtgesellschaft finden k\u00f6nnen. Die von der Stadtverwaltung vorbereiteten B\u00fcrgerforen sind daf\u00fcr der richtige Weg\u201c, f\u00fchrt SPD-Fraktionschef <strong>Rainer Marschan<\/strong> aus. Zu Verdr\u00e4ngungseffekten aufgrund des steigenden Preisdrucks d\u00fcrfe es keinesfalls kommen. Darum sei eine offene Debatte \u00fcber die absehbaren Fl\u00e4chenbedarfe und \u2013potentiale dringend n\u00f6tig. Die SPD-Fraktion stehe dabei als Impulsgeber und Gespr\u00e4chspartner zur Verf\u00fcgung.<\/p>\n<p>Gleiches gelte auch f\u00fcr die Frage nach neuen Gewerbestandorten im Essener Stadtgebiet. \u201eDas Halten und Schaffen von Arbeitspl\u00e4tzen f\u00fcr die Essener B\u00fcrgerinnen und B\u00fcrger hat f\u00fcr uns eine zentrale Bedeutung. Darum wollen wir Essener Unternehmen Entwicklungschancen geben. An sinkende Arbeitslosenzahlen in unserer Stadt ist ansonsten nicht zu denken. Auch hierf\u00fcr m\u00fcssen L\u00f6sungen in einem m\u00f6glichst breiten Konsens erzielt werden. Stadtspitze und Wirtschaftsf\u00f6rderung sind hier als Moderatoren gefragt, um den Stillstand der letzten Jahre zu \u00fcberwinden\u201c, so Rainer Marschan weiter.<\/p>\n","protected":false},"excerpt":{"rendered":"<p>SPD-Ratsfraktion setzt sich f\u00fcr g\u00fcnstigen Wohnraum und neue Arbeitspl\u00e4tze ein \u2013 Dialog mit der Stadtgesellschaft wird gesucht Essen. Wer aktuell eine neue Bleibe in der Stadt Essen sucht, muss zumeist lange suchen und immer tiefer in seinen Geldbeutel greifen. Insbesondere junge Familien mit Durchschnittseinkommen tun sich immer schwerer, ein passendes [&hellip;]<\/p>\n","protected":false},"author":1,"featured_media":0,"comment_status":"open","ping_status":"open","sticky":false,"template":"","format":"standard","meta":{"footnotes":""},"categories":[131],"tags":[135,132,134,133],"class_list":["post-525","post","type-post","status-publish","format-standard","hentry","category-essen","tag-bezahlbarer-wohnraum","tag-ratsfraktion","tag-wohnbebauung","tag-wohnen"],"_links":{"self":[{"href":"https:\/\/daniel-behmenburg.de\/index.php?rest_route=\/wp\/v2\/posts\/525","targetHints":{"allow":["GET"]}}],"collection":[{"href":"https:\/\/daniel-behmenburg.de\/index.php?rest_route=\/wp\/v2\/posts"}],"about":[{"href":"https:\/\/daniel-behmenburg.de\/index.php?rest_route=\/wp\/v2\/types\/post"}],"author":[{"embeddable":true,"href":"https:\/\/daniel-behmenburg.de\/index.php?rest_route=\/wp\/v2\/users\/1"}],"replies":[{"embeddable":true,"href":"https:\/\/daniel-behmenburg.de\/index.php?rest_route=%2Fwp%2Fv2%2Fcomments&post=525"}],"version-history":[{"count":1,"href":"https:\/\/daniel-behmenburg.de\/index.php?rest_route=\/wp\/v2\/posts\/525\/revisions"}],"predecessor-version":[{"id":1035,"href":"https:\/\/daniel-behmenburg.de\/index.php?rest_route=\/wp\/v2\/posts\/525\/revisions\/1035"}],"wp:attachment":[{"href":"https:\/\/daniel-behmenburg.de\/index.php?rest_route=%2Fwp%2Fv2%2Fmedia&parent=525"}],"wp:term":[{"taxonomy":"category","embeddable":true,"href":"https:\/\/daniel-behmenburg.de\/index.php?rest_route=%2Fwp%2Fv2%2Fcategories&post=525"},{"taxonomy":"post_tag","embeddable":true,"href":"https:\/\/daniel-behmenburg.de\/index.php?rest_route=%2Fwp%2Fv2%2Ftags&post=525"}],"curies":[{"name":"wp","href":"https:\/\/api.w.org\/{rel}","templated":true}]}}