{"id":506,"date":"2018-03-28T07:21:44","date_gmt":"2018-03-28T07:21:44","guid":{"rendered":"https:\/\/danielbehmenburg.wordpress.com\/?p=506"},"modified":"2020-06-22T20:40:30","modified_gmt":"2020-06-22T20:40:30","slug":"schule-an-der-ruhr-vierjaehriges-provisorium-kann-nicht-die-antwort-sein","status":"publish","type":"post","link":"https:\/\/daniel-behmenburg.de\/?p=506","title":{"rendered":"Schule an der Ruhr: Vierj\u00e4hriges Provisorium kann nicht die Antwort sein"},"content":{"rendered":"<p>SPD-Fraktion in der Bezirksvertretung IX wendet sich an die Ratspolitik<\/p>\n<p><img loading=\"lazy\" decoding=\"async\" class=\"alignnone size-full wp-image-507\" src=\"https:\/\/danielbehmenburg.files.wordpress.com\/2018\/03\/schule-an-der-ruhr-mintarder-weg.jpg\" alt=\"Schule an der Ruhr - Mintarder Weg\" width=\"4032\" height=\"3024\" \/><\/p>\n<p>Mit Entt\u00e4uschung und Skepsis hat die SPD-Fraktion in der Bezirksvertretung IX auf die aktuellen Stellungnahmen der Stadtverwaltung zum Schulstandort \u201eMintarder Weg\u201c reagiert. \u201eWir sind der Verwaltung dankbar, dass sie offen und ehrlich darstellt hat, wie weit man ist \u2013 oder eben auch nicht. Eine Perspektive kann man den Eltern nicht bieten. Im Endeffekt wird es darauf hinauslaufen, dass die jetzige provisorische L\u00f6sung noch Jahre beibehalten wird. Aber das kann doch nicht die Antwort an die betroffenen Sch\u00fclerinnen und Sch\u00fcler und deren Eltern sein. Das wurde uns durch viele entt\u00e4uschte Reaktionen seitens der Elternschaft best\u00e4tigt\u201c, so der Vorsitzende der SPD-Fraktion, Daniel Behmenburg.<\/p>\n<p>Behmenburgs Kollegin Heike Lohmann erg\u00e4nzt: \u201eAuch wenn die Ursache der erh\u00f6hten Schadstoffwerte nach \u00fcber einem Jahr mittlerweile wohl gekl\u00e4rt ist, ist das Ausma\u00df immer noch offen. Ebenso ist offen, was nun konkret getan werden muss. Deshalb kann auch \u00fcber einen Zeitrahmen keine zuverl\u00e4ssige Aussage getroffen werden. F\u00fcr die Betroffenen eine absolut unbefriedigende Situation. Seinerzeit wurden weitere Planungen zur\u00fcckgestellt, da man erst die Ergebnisse abwarten wollte. Diese liegen nun vor, deshalb gibt es keine Entschuldigung mehr f\u00fcr ein\u00a0 weiteres Z\u00f6gern.\u201c<\/p>\n<p>\u201eMir ist es unverst\u00e4ndlich, warum nun weiter gewartet werden soll. Wenn ernsthaft eine Sanierung in Betracht gezogen wird, dann muss sie jetzt erfolgen. Das Jahr, in welchem das Geb\u00e4ude nun leer stand, und die Jahre, in denen es noch leer stehen wird, werden ansonsten an der ohnehin sanierungsbed\u00fcrftigen Substanz weiter Spuren hinterlassen. Au\u00dferdem steht dann zu bef\u00fcrchten, dass Eltern ihre Kinder nicht mehr in dieses seinerzeit verseuchte Geb\u00e4ude schicken werden. Diese Reaktion k\u00f6nnte ich verstehen. Damit gef\u00e4hrdet man diesen Schulstandort. Wenn man nun nicht handelt, muss sich ganz klar Gedanken \u00fcber einen Neubau gemacht werden. Und zwar heute und jetzt, denn die Planungen werden auch noch einmal einige Zeit ben\u00f6tigen. Alternativen in der Umgebung in Kettwig vor der Br\u00fccke d\u00fcrfen dabei kein Tabu sein\u201c, so die klare Forderung des Kettwiger Bezirksvertreters Jan Robert Belouschek.<\/p>\n<p>\u201eHier ist jetzt die Ratspolitik gefordert. Schon in der Grundschule wird die Grundlage f\u00fcr den sp\u00e4teren Bildungserfolg gelegt. Lernen braucht aber ein entsprechendes Umfeld &#8211; zum Lernen wie auch f\u00fcr die n\u00f6tigen Ruhephasen und zum Austoben. Das kann mit der aktuellen Situation nicht geboten werden. Auch der Schulsport ist hier nur schwer zu realisieren. Nun m\u00fcssen allein die Interessen der Kinder im Vordergrund stehen. Wir haben deshalb unsere Schulpolitiker in der SPD-Fraktion im Rat der Stadt Essen angeschrieben. Diese Situation ist nicht hinnehmbar und erfordert nun schnelle Entscheidungen \u00fcber die weiteren Schritte\u201c, so Behmenburg abschlie\u00dfend.<\/p>\n","protected":false},"excerpt":{"rendered":"<p>SPD-Fraktion in der Bezirksvertretung IX wendet sich an die Ratspolitik Mit Entt\u00e4uschung und Skepsis hat die SPD-Fraktion in der Bezirksvertretung IX auf die aktuellen Stellungnahmen der Stadtverwaltung zum Schulstandort \u201eMintarder Weg\u201c reagiert. \u201eWir sind der Verwaltung dankbar, dass sie offen und ehrlich darstellt hat, wie weit man ist \u2013 oder [&hellip;]<\/p>\n","protected":false},"author":1,"featured_media":0,"comment_status":"open","ping_status":"open","sticky":false,"template":"","format":"standard","meta":{"footnotes":""},"categories":[6],"tags":[121,118,55,54,56],"class_list":["post-506","post","type-post","status-publish","format-standard","hentry","category-kettwig","tag-kettwig-vor-der-bruecke","tag-mintarder-weg","tag-schule","tag-schule-an-der-ruhr","tag-schulneubau"],"_links":{"self":[{"href":"https:\/\/daniel-behmenburg.de\/index.php?rest_route=\/wp\/v2\/posts\/506","targetHints":{"allow":["GET"]}}],"collection":[{"href":"https:\/\/daniel-behmenburg.de\/index.php?rest_route=\/wp\/v2\/posts"}],"about":[{"href":"https:\/\/daniel-behmenburg.de\/index.php?rest_route=\/wp\/v2\/types\/post"}],"author":[{"embeddable":true,"href":"https:\/\/daniel-behmenburg.de\/index.php?rest_route=\/wp\/v2\/users\/1"}],"replies":[{"embeddable":true,"href":"https:\/\/daniel-behmenburg.de\/index.php?rest_route=%2Fwp%2Fv2%2Fcomments&post=506"}],"version-history":[{"count":1,"href":"https:\/\/daniel-behmenburg.de\/index.php?rest_route=\/wp\/v2\/posts\/506\/revisions"}],"predecessor-version":[{"id":1038,"href":"https:\/\/daniel-behmenburg.de\/index.php?rest_route=\/wp\/v2\/posts\/506\/revisions\/1038"}],"wp:attachment":[{"href":"https:\/\/daniel-behmenburg.de\/index.php?rest_route=%2Fwp%2Fv2%2Fmedia&parent=506"}],"wp:term":[{"taxonomy":"category","embeddable":true,"href":"https:\/\/daniel-behmenburg.de\/index.php?rest_route=%2Fwp%2Fv2%2Fcategories&post=506"},{"taxonomy":"post_tag","embeddable":true,"href":"https:\/\/daniel-behmenburg.de\/index.php?rest_route=%2Fwp%2Fv2%2Ftags&post=506"}],"curies":[{"name":"wp","href":"https:\/\/api.w.org\/{rel}","templated":true}]}}