{"id":503,"date":"2018-01-26T12:19:05","date_gmt":"2018-01-26T12:19:05","guid":{"rendered":"https:\/\/danielbehmenburg.wordpress.com\/?p=503"},"modified":"2018-01-26T12:19:05","modified_gmt":"2018-01-26T12:19:05","slug":"spd-fraktion-in-der-bv-ix-begruesst-katja-geier-als-neues-fraktionsmitglied","status":"publish","type":"post","link":"https:\/\/daniel-behmenburg.de\/?p=503","title":{"rendered":"SPD-Fraktion in der BV IX begr\u00fc\u00dft Katja Geier als neues Fraktionsmitglied"},"content":{"rendered":"<p><img loading=\"lazy\" decoding=\"async\" class=\" size-medium wp-image-504 aligncenter\" src=\"https:\/\/danielbehmenburg.files.wordpress.com\/2018\/01\/spd-fraktion-in-der-bv-ix-e1516969126970.jpg?w=300\" alt=\"SPD-Fraktion in der BV IX\" width=\"300\" height=\"259\" srcset=\"https:\/\/daniel-behmenburg.de\/wp-content\/uploads\/2018\/01\/spd-fraktion-in-der-bv-ix-e1516969126970.jpg 1845w, https:\/\/daniel-behmenburg.de\/wp-content\/uploads\/2018\/01\/spd-fraktion-in-der-bv-ix-e1516969126970-300x259.jpg 300w, https:\/\/daniel-behmenburg.de\/wp-content\/uploads\/2018\/01\/spd-fraktion-in-der-bv-ix-e1516969126970-1024x884.jpg 1024w, https:\/\/daniel-behmenburg.de\/wp-content\/uploads\/2018\/01\/spd-fraktion-in-der-bv-ix-e1516969126970-768x663.jpg 768w, https:\/\/daniel-behmenburg.de\/wp-content\/uploads\/2018\/01\/spd-fraktion-in-der-bv-ix-e1516969126970-1536x1325.jpg 1536w\" sizes=\"auto, (max-width: 300px) 100vw, 300px\" \/>Bredeneyerin r\u00fcckt f\u00fcr Reinhold Schulzki nach, Heike Lohmann neue stellvertretende Fraktionsvorsitzende<\/p>\n<p>Mit Schreiben des Essener Oberb\u00fcrgermeisters wurde Katja Geier als neues Mitglied der SPD-Fraktion in die Bezirksvertretung IX berufen. Sie r\u00fcckt f\u00fcr den im Dezember verstorbenen Reinhold Schulzki nach. Katja Geier ist 53 Jahre alt, wohnt in Bredeney und hat einen Sohn. Beruflich ist sie sowohl in Kettwig wie auch in Werden t\u00e4tig. In der Sitzung der Bezirksvertretung am kommenden Dienstag wird sie dann noch offiziell durch den Bezirksb\u00fcrgermeister verpflichtet werden.<\/p>\n<p>\u201eWir freuen uns, Katja Geier als neues Mitglied in den Reihen der SPD-Fraktion in der Bezirksvertretung begr\u00fc\u00dfen zu d\u00fcrfen. Der Hintergrund ist nat\u00fcrlich sehr tragisch, aber wir sind sicher, dass Katja eine Nachfolgerin ist, die auch in Reinholds Sinne gewesen w\u00e4re. In dem Zusammenhang m\u00f6chte ich mich auch im Namen meiner Fraktion f\u00fcr die sehr lieben und tiefgehenden Beileidsbekundungen aus den Reihen der Politik und der B\u00fcrgerschaft zum Tod unseres Freundes und Fraktionsmitgliedes bedanken\u201c, so Daniel Behmenburg, Vorsitzender der SPD-Fraktion in der Bezirksvertretung IX.<\/p>\n<p>Ihrer neuen Aufgabe sieht Katja Geier gespannt entgegen: \u201eIch freue mich, zuk\u00fcnftig wieder als Bezirksvertreterin Politik f\u00fcr die Menschen im Essener S\u00fcden zu machen. \u201aWieder\u2018 deshalb, weil ich schon einmal Mitglied der Bezirksvertretung IX war. Im Gegensatz zur gro\u00dfen Politik geht es auf der kommunalen Ebene um die handfesten Probleme vor der eigenen Haust\u00fcr. Hier k\u00f6nnen wir den Menschen schnell und h\u00e4ufig auch unb\u00fcrokratisch helfen. Gerne bin ich zuk\u00fcnftig Ansprechpartnerin f\u00fcr die B\u00fcrgerinnen und B\u00fcrger im Bezirk IX und insbesondere nat\u00fcrlich in Bredeney. Zielorientiert und im guten Miteinander m\u00f6chte ich viel f\u00fcr die Menschen hier erreichen.\u201c<\/p>\n<p>Eine weitere Personalie hat die SPD-Fraktion in der Bezirksvertretung IX ebenfalls gekl\u00e4rt: Heike Lohmann aus Kettwig wurde einstimmig zur stellvertretenden Fraktionsvorsitzenden gew\u00e4hlt.<\/p>\n<p>\u201eDer Zusammenarbeit mit Katja Geier in der Fraktion und mit Heike Lohmann als meiner Stellvertreterin sehe ich gespannt entgegen. Beide Personalien sind eine gro\u00dfe Bereicherung und stellen die Arbeit unserer Fraktion auf breite F\u00fc\u00dfe\u201c, so Behmenburg abschlie\u00dfend.<\/p>\n<p>&nbsp;<\/p>\n<p><em>Hintergrund: Gem\u00e4\u00df Wahlgesetz stellen die Parteien in Vertreterversammlungen vor der Kommunalwahl in einer Liste die Kandidatinnen und Kandidaten f\u00fcr die Wahl zur Bezirksvertretung auf. Dar\u00fcber hinaus besteht die M\u00f6glichkeit, f\u00fcr jede Kandidatin\/ jeden Kandidaten einen pers\u00f6nlichen Nachr\u00fccker (sogenannten \u201eHuckepack Kandidaten\u201c) aufzustellen. Sollte der Huckepack Kandidat das Mandat nicht annehmen, r\u00fcckt der n\u00e4chste Kandidat von der Liste nach. Im aktuellen Fall war Katja Geier Huckepackkandidatin von Reinhold Schulzki.<\/em><\/p>\n","protected":false},"excerpt":{"rendered":"<p>Bredeneyerin r\u00fcckt f\u00fcr Reinhold Schulzki nach, Heike Lohmann neue stellvertretende Fraktionsvorsitzende Mit Schreiben des Essener Oberb\u00fcrgermeisters wurde Katja Geier als neues Mitglied der SPD-Fraktion in die Bezirksvertretung IX berufen. Sie r\u00fcckt f\u00fcr den im Dezember verstorbenen Reinhold Schulzki nach. Katja Geier ist 53 Jahre alt, wohnt in Bredeney und hat [&hellip;]<\/p>\n","protected":false},"author":1,"featured_media":0,"comment_status":"open","ping_status":"open","sticky":false,"template":"","format":"standard","meta":{"footnotes":""},"categories":[1],"tags":[],"class_list":["post-503","post","type-post","status-publish","format-standard","hentry","category-uncategorized"],"_links":{"self":[{"href":"https:\/\/daniel-behmenburg.de\/index.php?rest_route=\/wp\/v2\/posts\/503","targetHints":{"allow":["GET"]}}],"collection":[{"href":"https:\/\/daniel-behmenburg.de\/index.php?rest_route=\/wp\/v2\/posts"}],"about":[{"href":"https:\/\/daniel-behmenburg.de\/index.php?rest_route=\/wp\/v2\/types\/post"}],"author":[{"embeddable":true,"href":"https:\/\/daniel-behmenburg.de\/index.php?rest_route=\/wp\/v2\/users\/1"}],"replies":[{"embeddable":true,"href":"https:\/\/daniel-behmenburg.de\/index.php?rest_route=%2Fwp%2Fv2%2Fcomments&post=503"}],"version-history":[{"count":0,"href":"https:\/\/daniel-behmenburg.de\/index.php?rest_route=\/wp\/v2\/posts\/503\/revisions"}],"wp:attachment":[{"href":"https:\/\/daniel-behmenburg.de\/index.php?rest_route=%2Fwp%2Fv2%2Fmedia&parent=503"}],"wp:term":[{"taxonomy":"category","embeddable":true,"href":"https:\/\/daniel-behmenburg.de\/index.php?rest_route=%2Fwp%2Fv2%2Fcategories&post=503"},{"taxonomy":"post_tag","embeddable":true,"href":"https:\/\/daniel-behmenburg.de\/index.php?rest_route=%2Fwp%2Fv2%2Ftags&post=503"}],"curies":[{"name":"wp","href":"https:\/\/api.w.org\/{rel}","templated":true}]}}