{"id":488,"date":"2017-07-05T14:16:56","date_gmt":"2017-07-05T14:16:56","guid":{"rendered":"https:\/\/danielbehmenburg.wordpress.com\/?p=488"},"modified":"2017-07-05T14:16:56","modified_gmt":"2017-07-05T14:16:56","slug":"spd-auswirkungen-der-angespannten-staedtischen-personalsituation-bleiben-auf-der-tagesordnung","status":"publish","type":"post","link":"https:\/\/daniel-behmenburg.de\/?p=488","title":{"rendered":"SPD: Auswirkungen der angespannten st\u00e4dtischen Personalsituation bleiben auf der Tagesordnung"},"content":{"rendered":"<p><strong><em>Bezirksvertreter und Ratsfraktion arbeiten auch bei diesem Thema Hand in Hand<\/em><\/strong><\/p>\n<p><strong>Essen.<\/strong> Aus Sicht der SPD-Ratsfraktion ist kein Dissens mit den eigenen Bezirksvertretern sp\u00fcrbar. \u201eWir legen gro\u00dfen Wert auf das Wissen unserer Vertreter in den Bezirksvertretungen. Die Bezirksb\u00fcrgermeister und Fraktionsvorsitzenden aus den Bezirksvertretungen nehmen an allen Fraktionssitzungen teil und machen dort deutlich, wo in den jeweiligen Stadtteilen Handlungsbedarf herrscht. Zusammen suchen wir dann nach L\u00f6sungen. F\u00fcr Manches findet man schnell eine Antwort, Anderes ist komplexer\u201c, erkl\u00e4rt <strong>SPD-Fraktionschef Rainer Marschan<\/strong>.<\/p>\n<p>Die Notwendigkeit der Haushaltskonsolidierung bremse einige Initiativen, auch die mittlerweile sehr kurze Personaldecke bei der Stadtverwaltung sei hinderlich. \u201eBei diesem Thema teilen wir ausdr\u00fccklich die Sorgen unserer Bezirksvertreter. Vieles bleibt offenbar liegen, weil die Menschen fehlen, die es bearbeiten k\u00f6nnen. Aber auch die wachsen nicht auf B\u00e4umen. Obwohl wir gemeinsam mit unserem Koalitionspartner Beschl\u00fcsse zur Aufstockung des st\u00e4dtischen Personals getroffen haben, arbeiten Teile der Verwaltung nach wie vor an der Belastungsgrenze. Das macht uns gro\u00dfe Sorgen\u201c, so Rainer Marschan weiter. Die SPD-Ratsfraktion werde sich nach der Sommerpause noch einmal eingehend mit der st\u00e4dtischen Personalsituation besch\u00e4ftigen, auch hier seien die Bezirksvertretungen mit ihren konkreten Beispielen eingebunden.<\/p>\n<p>Auch bei der Frage der rechtzeitigen Beteiligung der Bezirksvertretungen an Verwaltungsvorlagen ist sich die SPD-Ratsfraktion mit den Stadtteil-Politikern einig. \u201eSind die Bezirksvertretungen an einer Vorlage beteiligt, m\u00f6chten wir vor der Beschlussfassung im Rat oder in den Aussch\u00fcssen erst die Meinung unserer Bezirksvertreter wissen. Wir schieben Vorlagen auch, wenn das Votum von vor Ort noch aussteht\u201c, verdeutlicht Rainer Marschan.<br \/>\n\u201eAls Bezirksvertreter bekommen wir sehr deutlich zu sp\u00fcren, wo vor Ort der Schuh dr\u00fcckt und sp\u00fcren schnell, wenn etwas im System Stadtverwaltung nicht rund l\u00e4uft. Ich freue mich sehr, dass wir bei unserer Ratsfraktion auch mit unserem aktuellen Vorsto\u00df auf offene Ohren gesto\u00dfen sind und die SPD-Fraktion insbesondere das Thema Personalmangel in den Fach\u00e4mtern weiterhin intensiv bearbeiten\u00a0wird. An der L\u00f6sung hierf\u00fcr und f\u00fcr die anderen Probleme werden wir als SPD auf allen Ebenen miteinander arbeiten. Dazu leisten wir als Bezirksvertreter gerne unseren Beitrag, ein Gegeneinander gibt es nicht\u201c, erg\u00e4nzt <strong>Daniel Behmenburg, Sprecher der SPD-Vorsitzenden in den Bezirksvertreungen<\/strong>. Die SPD-Bezirksvertreter stimmt es hoffnungsvoll, dass ihre konstruktiv gemeinten Hinweise und die konstruktive Kritik auch an der Stadtspitze ernst genommen werden und blicken gespannt auf den weiteren Prozess. &#8222;Letztendlich, das wissen wir alle, wird es eine L\u00f6sung nur im Schulterschluss mit allen Verantwortlichen geben. Gerne nehmen wir das Angebot an, das Thema direkt nach der Sommerpause auf erneut\u00a0die Tagesordnung zu nehmen&#8220;, so Behmenburg abschlie\u00dfend.<\/p>\n","protected":false},"excerpt":{"rendered":"<p>Bezirksvertreter und Ratsfraktion arbeiten auch bei diesem Thema Hand in Hand Essen. Aus Sicht der SPD-Ratsfraktion ist kein Dissens mit den eigenen Bezirksvertretern sp\u00fcrbar. \u201eWir legen gro\u00dfen Wert auf das Wissen unserer Vertreter in den Bezirksvertretungen. Die Bezirksb\u00fcrgermeister und Fraktionsvorsitzenden aus den Bezirksvertretungen nehmen an allen Fraktionssitzungen teil und machen [&hellip;]<\/p>\n","protected":false},"author":1,"featured_media":0,"comment_status":"open","ping_status":"open","sticky":false,"template":"","format":"standard","meta":{"footnotes":""},"categories":[1],"tags":[],"class_list":["post-488","post","type-post","status-publish","format-standard","hentry","category-uncategorized"],"_links":{"self":[{"href":"https:\/\/daniel-behmenburg.de\/index.php?rest_route=\/wp\/v2\/posts\/488","targetHints":{"allow":["GET"]}}],"collection":[{"href":"https:\/\/daniel-behmenburg.de\/index.php?rest_route=\/wp\/v2\/posts"}],"about":[{"href":"https:\/\/daniel-behmenburg.de\/index.php?rest_route=\/wp\/v2\/types\/post"}],"author":[{"embeddable":true,"href":"https:\/\/daniel-behmenburg.de\/index.php?rest_route=\/wp\/v2\/users\/1"}],"replies":[{"embeddable":true,"href":"https:\/\/daniel-behmenburg.de\/index.php?rest_route=%2Fwp%2Fv2%2Fcomments&post=488"}],"version-history":[{"count":0,"href":"https:\/\/daniel-behmenburg.de\/index.php?rest_route=\/wp\/v2\/posts\/488\/revisions"}],"wp:attachment":[{"href":"https:\/\/daniel-behmenburg.de\/index.php?rest_route=%2Fwp%2Fv2%2Fmedia&parent=488"}],"wp:term":[{"taxonomy":"category","embeddable":true,"href":"https:\/\/daniel-behmenburg.de\/index.php?rest_route=%2Fwp%2Fv2%2Fcategories&post=488"},{"taxonomy":"post_tag","embeddable":true,"href":"https:\/\/daniel-behmenburg.de\/index.php?rest_route=%2Fwp%2Fv2%2Ftags&post=488"}],"curies":[{"name":"wp","href":"https:\/\/api.w.org\/{rel}","templated":true}]}}