{"id":448,"date":"2016-11-30T01:00:45","date_gmt":"2016-11-30T01:00:45","guid":{"rendered":"https:\/\/danielbehmenburg.wordpress.com\/?p=448"},"modified":"2016-11-30T01:00:45","modified_gmt":"2016-11-30T01:00:45","slug":"die-spd-im-stadtbezirk-ix-trauert-um-harald-neef","status":"publish","type":"post","link":"https:\/\/daniel-behmenburg.de\/?p=448","title":{"rendered":"Die SPD im Stadtbezirk IX trauert um Harald Neef"},"content":{"rendered":"<p><img loading=\"lazy\" decoding=\"async\" class=\"alignnone size-full wp-image-451\" src=\"https:\/\/danielbehmenburg.files.wordpress.com\/2016\/11\/traueranzeige-harald-neef.jpg\" alt=\"traueranzeige-harald-neef\" width=\"1571\" height=\"2126\" srcset=\"https:\/\/daniel-behmenburg.de\/wp-content\/uploads\/2016\/11\/traueranzeige-harald-neef.jpg 1571w, https:\/\/daniel-behmenburg.de\/wp-content\/uploads\/2016\/11\/traueranzeige-harald-neef-222x300.jpg 222w, https:\/\/daniel-behmenburg.de\/wp-content\/uploads\/2016\/11\/traueranzeige-harald-neef-757x1024.jpg 757w, https:\/\/daniel-behmenburg.de\/wp-content\/uploads\/2016\/11\/traueranzeige-harald-neef-768x1039.jpg 768w, https:\/\/daniel-behmenburg.de\/wp-content\/uploads\/2016\/11\/traueranzeige-harald-neef-1135x1536.jpg 1135w, https:\/\/daniel-behmenburg.de\/wp-content\/uploads\/2016\/11\/traueranzeige-harald-neef-1513x2048.jpg 1513w\" sizes=\"auto, (max-width: 1571px) 100vw, 1571px\" \/><\/p>\n<p>Die SPD im Stadtbezirk IX trauert um ihr Vorstandsmitglied, ihren Bezirksvertreter, Genossen und Freund<\/p>\n<p style=\"text-align:center;\"><strong>Harald Neef,<\/strong><\/p>\n<p>der nach langer, schwerer Krankheit von uns gegangen ist.<\/p>\n<p>Haralds Engagement innerhalb der Partei und auch dar\u00fcber hinaus war stets gepr\u00e4gt durch sein soziales Verst\u00e4ndnis. So galt sein Einsatz insbesondere den Menschen, die Hilfe,<br \/>\nUnterst\u00fctzung und F\u00fcrsprache n\u00f6tig haben. Er verlieh der Sozialdemokratie vor Ort ein Gesicht, war immer ansprechbar und hat sein Wort gegen\u00fcber den B\u00fcrgerinnen und B\u00fcrgern gemacht und gehalten. Selbst als ihn die Krankheit bereits geschw\u00e4cht hatte, hat er sich noch in die aktive Arbeit eingebracht. F\u00fcr seinen Einsatz gilt ihm unser Dank.<\/p>\n<p>Wir werden ihm ein ehrenvolles Andenken bewahren.<\/p>\n<p>F\u00fcr die SPD im Stadtbezirk IX<\/p>\n<p>Jan Wiedwald<br \/>\nVorsitzender der SPD Kettwig<\/p>\n<p>Daniel Behmenburg<br \/>\nVorsitzender der SPD-Fraktion in der Bezirksvertretung IX<\/p>\n<p>Peter Allmang<br \/>\nVorsitzender der SPD Werden\/Bredeney<\/p>\n","protected":false},"excerpt":{"rendered":"<p>Die SPD im Stadtbezirk IX trauert um ihr Vorstandsmitglied, ihren Bezirksvertreter, Genossen und Freund Harald Neef, der nach langer, schwerer Krankheit von uns gegangen ist. Haralds Engagement innerhalb der Partei und auch dar\u00fcber hinaus war stets gepr\u00e4gt durch sein soziales Verst\u00e4ndnis. So galt sein Einsatz insbesondere den Menschen, die Hilfe, [&hellip;]<\/p>\n","protected":false},"author":1,"featured_media":0,"comment_status":"open","ping_status":"open","sticky":false,"template":"","format":"standard","meta":{"footnotes":""},"categories":[1],"tags":[],"class_list":["post-448","post","type-post","status-publish","format-standard","hentry","category-uncategorized"],"_links":{"self":[{"href":"https:\/\/daniel-behmenburg.de\/index.php?rest_route=\/wp\/v2\/posts\/448","targetHints":{"allow":["GET"]}}],"collection":[{"href":"https:\/\/daniel-behmenburg.de\/index.php?rest_route=\/wp\/v2\/posts"}],"about":[{"href":"https:\/\/daniel-behmenburg.de\/index.php?rest_route=\/wp\/v2\/types\/post"}],"author":[{"embeddable":true,"href":"https:\/\/daniel-behmenburg.de\/index.php?rest_route=\/wp\/v2\/users\/1"}],"replies":[{"embeddable":true,"href":"https:\/\/daniel-behmenburg.de\/index.php?rest_route=%2Fwp%2Fv2%2Fcomments&post=448"}],"version-history":[{"count":0,"href":"https:\/\/daniel-behmenburg.de\/index.php?rest_route=\/wp\/v2\/posts\/448\/revisions"}],"wp:attachment":[{"href":"https:\/\/daniel-behmenburg.de\/index.php?rest_route=%2Fwp%2Fv2%2Fmedia&parent=448"}],"wp:term":[{"taxonomy":"category","embeddable":true,"href":"https:\/\/daniel-behmenburg.de\/index.php?rest_route=%2Fwp%2Fv2%2Fcategories&post=448"},{"taxonomy":"post_tag","embeddable":true,"href":"https:\/\/daniel-behmenburg.de\/index.php?rest_route=%2Fwp%2Fv2%2Ftags&post=448"}],"curies":[{"name":"wp","href":"https:\/\/api.w.org\/{rel}","templated":true}]}}