{"id":421,"date":"2016-10-12T18:10:30","date_gmt":"2016-10-12T18:10:30","guid":{"rendered":"https:\/\/danielbehmenburg.wordpress.com\/2016\/10\/12\/spd-unterstuetzt-unterschriftenaktion-fuer-erhalt-des-kettwiger-buergeramtes\/"},"modified":"2016-10-12T18:10:30","modified_gmt":"2016-10-12T18:10:30","slug":"spd-unterstuetzt-unterschriftenaktion-fuer-erhalt-des-kettwiger-buergeramtes","status":"publish","type":"post","link":"https:\/\/daniel-behmenburg.de\/?p=421","title":{"rendered":"SPD unterst\u00fctzt Unterschriftenaktion f\u00fcr Erhalt des Kettwiger B\u00fcrgeramtes"},"content":{"rendered":"<p>Bei so wichtigen Themen f\u00fcr Kettwig m\u00fcssen politische Gegner auch betont zusammenhalten und sich gegenseitig unterst\u00fctzen. Deshalb ist es f\u00fcr die Kettwiger SPD Ehrensache, die CDU in Kettwig bei ihrer geplanten Unterschriftenaktion zum Erhalt und zur baldigen \u00d6ffnung des Kettwiger B\u00fcrgeramtes zu unterst\u00fctzen.<\/p>\n<p>&#8222;Wenn der Ratsherr Guntmar Kipphardt Argumente braucht, um seine CDU-Ratsfraktion sowie seine beiden CDU-Parteikollegen, den Verwaltungschef Oberb\u00fcrgermeister Thomas Kufen und den zust\u00e4ndigen Dezernenten Christian Kromberg von der Notwendigkeit des Kettwiger B\u00fcrgeramtes zu \u00fcberzeugen, dann unterst\u00fctzen wir ihn nat\u00fcrlich dabei&#8220;, so der Kettwiger Ortsvereinsvorsitzende Jan Wiedwald.<\/p>\n<p>&#8222;Auch wir rufen Herrn Kufen und Herrn Kromberg dazu auf, diese \u00dcberlegungen wieder in der Schublade verschwinden zu lassen. Stattdessen sollten sie sich an die geltenden Ratsbeschl\u00fcsse und auch die klaren Voten der Bezirksvertretungen halten, die klar und deutlich die Aufrechterhaltung der Bezirksb\u00fcrger\u00e4mter vorsehen&#8220;, erg\u00e4nzt Daniel Behmenburg, Vorsitzender der SPD-Fraktion der Bezirksvertretung IX.<\/p>\n","protected":false},"excerpt":{"rendered":"<p>Bei so wichtigen Themen f\u00fcr Kettwig m\u00fcssen politische Gegner auch betont zusammenhalten und sich gegenseitig unterst\u00fctzen. Deshalb ist es f\u00fcr die Kettwiger SPD Ehrensache, die CDU in Kettwig bei ihrer geplanten Unterschriftenaktion zum Erhalt und zur baldigen \u00d6ffnung des Kettwiger B\u00fcrgeramtes zu unterst\u00fctzen. &#8222;Wenn der Ratsherr Guntmar Kipphardt Argumente braucht, [&hellip;]<\/p>\n","protected":false},"author":1,"featured_media":0,"comment_status":"open","ping_status":"open","sticky":false,"template":"","format":"standard","meta":{"footnotes":""},"categories":[6,1],"tags":[43,42,44],"class_list":["post-421","post","type-post","status-publish","format-standard","hentry","category-kettwig","category-uncategorized","tag-bezirksbuergeramt","tag-buergeramt","tag-rathaus-kettwig"],"_links":{"self":[{"href":"https:\/\/daniel-behmenburg.de\/index.php?rest_route=\/wp\/v2\/posts\/421","targetHints":{"allow":["GET"]}}],"collection":[{"href":"https:\/\/daniel-behmenburg.de\/index.php?rest_route=\/wp\/v2\/posts"}],"about":[{"href":"https:\/\/daniel-behmenburg.de\/index.php?rest_route=\/wp\/v2\/types\/post"}],"author":[{"embeddable":true,"href":"https:\/\/daniel-behmenburg.de\/index.php?rest_route=\/wp\/v2\/users\/1"}],"replies":[{"embeddable":true,"href":"https:\/\/daniel-behmenburg.de\/index.php?rest_route=%2Fwp%2Fv2%2Fcomments&post=421"}],"version-history":[{"count":0,"href":"https:\/\/daniel-behmenburg.de\/index.php?rest_route=\/wp\/v2\/posts\/421\/revisions"}],"wp:attachment":[{"href":"https:\/\/daniel-behmenburg.de\/index.php?rest_route=%2Fwp%2Fv2%2Fmedia&parent=421"}],"wp:term":[{"taxonomy":"category","embeddable":true,"href":"https:\/\/daniel-behmenburg.de\/index.php?rest_route=%2Fwp%2Fv2%2Fcategories&post=421"},{"taxonomy":"post_tag","embeddable":true,"href":"https:\/\/daniel-behmenburg.de\/index.php?rest_route=%2Fwp%2Fv2%2Ftags&post=421"}],"curies":[{"name":"wp","href":"https:\/\/api.w.org\/{rel}","templated":true}]}}