{"id":41,"date":"2009-12-31T23:01:00","date_gmt":"2009-12-31T23:01:00","guid":{"rendered":"http:\/\/danielbehmenburg.wordpress.com\/2009\/12\/31\/gemeinsam-die-zukunft-gestalten"},"modified":"2009-12-31T23:01:00","modified_gmt":"2009-12-31T23:01:00","slug":"gemeinsam-die-zukunft-gestalten","status":"publish","type":"post","link":"https:\/\/daniel-behmenburg.de\/?p=41","title":{"rendered":"Gemeinsam die Zukunft gestalten!"},"content":{"rendered":"<p><a href=\"http:\/\/danielbehmenburg.files.wordpress.com\/2009\/12\/dsc_2299.jpg\"><img decoding=\"async\" src=\"http:\/\/danielbehmenburg.files.wordpress.com\/2009\/12\/dsc_2299.jpg?w=300\" border=\"0\" alt=\"\" \/><\/a><\/p>\n<p class=\"MsoNormal\" style=\"margin-bottom:.0001pt;text-align:justify;\"><span class=\"Apple-style-span\"><b>Liebe Mitb\u00fcrgerinnen und Mitb\u00fcrger im Stadtbezirk IX,<\/b><\/span><\/p>\n<p class=\"MsoNormal\" style=\"margin-bottom:.0001pt;text-align:justify;\"><b><br \/><\/b><\/p>\n<p class=\"MsoNormal\" style=\"margin-bottom:.0001pt;text-align:justify;\">hinter uns liegt ein ereignisreiches Jahr. Zur\u00fcckblickend auf 2009 haben wir durchaus Anlass, an vielen Stellen stolz auf das Erreichte und zufrieden mit dem Ergebnis zu sein. Viele Ideen &#8211; gerade auch aus der Bev\u00f6lkerung &#8211; haben dazu beigetragen, dass unser Bezirk wieder ein wenig sch\u00f6ner wurde und schlie\u00dflich werden wir uns als weltoffener Bezirk im Kulturhauptstadtjahr pr\u00e4sentieren &#8211; Jeder Stadtteil auf seine besondere Art und Weise.<\/p>\n<p class=\"MsoNormal\" style=\"margin-bottom:.0001pt;text-align:justify;\"><\/p>\n<p class=\"MsoNormal\" style=\"margin-bottom:.0001pt;text-align:justify;\">Ich m\u00f6chte mich bei all denen bedanken, die hierzu im vergangenen Jahr beigetragen haben, die sich mit eingebracht und unseren Bezirk so bereichert haben. Mein Dank gilt insbesondere den Aktiven in den Vereinen, Verb\u00e4nden und Kirchen, die durch ihr Engagement immer wieder aufs Neue zu lebens- und liebenswerten Stadtteilen beitragen.<\/p>\n<p class=\"MsoNormal\" style=\"margin-bottom:.0001pt;text-align:justify;\"><\/p>\n<p class=\"MsoNormal\" style=\"margin-bottom:.0001pt;text-align:justify;\">Jedoch gibt es auch noch viele offene \u201eBaustellen\u201c und diese werden die Herausforderungen des Jahres 2010 sein: L\u00e4rm (von der Stra\u00dfe und aus der Luft) und der Feinstaub verbunden mit einer sp\u00fcrbaren Zunahmen des Verkehrs belasten unser Lebensgef\u00fchl wie auch unsere Gesundheit. In Zeiten knapper Kassen m\u00fcssen wir ausgefallene und ideenreiche Wege gehen, um ein ausreichendes Angebot an Infrastruktur in der N\u00e4he zu erhalten, dazu geh\u00f6ren Sportpl\u00e4tze und Schwimmb\u00e4der, Stadtteilbibliotheken und B\u00fcrger\u00e4mter und noch einiges mehr. Das Kulturhauptstadtjahr wiederum bietet uns die Chance, den G\u00e4sten nachhaltig unsere gewachsenen kulturellen Perlen vor Ort zu pr\u00e4sentieren.<\/p>\n<p class=\"MsoNormal\" style=\"margin-bottom:.0001pt;text-align:justify;\"><\/p>\n<p class=\"MsoNormal\" style=\"margin-bottom:.0001pt;text-align:justify;\">Pers\u00f6nlich m\u00f6chte ich mich im Namen meiner Fraktion f\u00fcr das entgegengebrachte Vertrauen bei der Kommunalwahl bedanken. Die Haushaltssituation der Stadt Essen ist jedoch ernst und bedarf unserer aller Anstrengungen. Einsparungen m\u00fcssen wir sozial gerecht angehen, damit sie nicht zu blo\u00dfen Zumutungen f\u00fcr die Menschen werden. Hier bietet sich aber auch die Chance das Vertrauen der B\u00fcrger in die Politik zu erneuern und nun gemeinsam die dringenden Probleme anzugehen, gemeinsam zu entscheiden, wie wir das Ruder herumrei\u00dfen k\u00f6nnen, gemeinsam zu entscheiden, was Priorit\u00e4t hat. Hier m\u00fcssen B\u00fcrger, Politik und Verwaltung Hand in Hand arbeiten. Dazu lade ich Sie herzlich ein!<\/p>\n<p class=\"MsoNormal\" style=\"margin-bottom:.0001pt;text-align:justify;\"><\/p>\n<p class=\"MsoNormal\" style=\"margin-bottom:.0001pt;text-align:justify;\">Ich freue mich auf ein weiterhin gutes Miteinander bei der Arbeit f\u00fcr unsere Stadtteile und w\u00fcnsche Ihnen im Namen der SPD-Fraktion f\u00fcr das kommende Jahr alles Gute &#8211; Zufriedenheit, Erfolg und Gesundheit!<\/p>\n<p class=\"MsoNormal\" style=\"margin-bottom:.0001pt;text-align:justify;\"><\/p>\n<p class=\"MsoNormal\" style=\"margin-bottom:.0001pt;text-align:justify;\">Mit freundlichen Gr\u00fc\u00dfen<\/p>\n<p class=\"MsoNormal\" style=\"margin-bottom:.0001pt;text-align:justify;\">Daniel Behmenburg<br \/>Vorsitzender der SPD-Fraktion im Stadtbezirk IX<\/p>\n","protected":false},"excerpt":{"rendered":"<p>Liebe Mitb\u00fcrgerinnen und Mitb\u00fcrger im Stadtbezirk IX, hinter uns liegt ein ereignisreiches Jahr. Zur\u00fcckblickend auf 2009 haben wir durchaus Anlass, an vielen Stellen stolz auf das Erreichte und zufrieden mit dem Ergebnis zu sein. Viele Ideen &#8211; gerade auch aus der Bev\u00f6lkerung &#8211; haben dazu beigetragen, dass unser Bezirk wieder [&hellip;]<\/p>\n","protected":false},"author":1,"featured_media":0,"comment_status":"open","ping_status":"open","sticky":false,"template":"","format":"standard","meta":{"footnotes":""},"categories":[1],"tags":[],"class_list":["post-41","post","type-post","status-publish","format-standard","hentry","category-uncategorized"],"_links":{"self":[{"href":"https:\/\/daniel-behmenburg.de\/index.php?rest_route=\/wp\/v2\/posts\/41","targetHints":{"allow":["GET"]}}],"collection":[{"href":"https:\/\/daniel-behmenburg.de\/index.php?rest_route=\/wp\/v2\/posts"}],"about":[{"href":"https:\/\/daniel-behmenburg.de\/index.php?rest_route=\/wp\/v2\/types\/post"}],"author":[{"embeddable":true,"href":"https:\/\/daniel-behmenburg.de\/index.php?rest_route=\/wp\/v2\/users\/1"}],"replies":[{"embeddable":true,"href":"https:\/\/daniel-behmenburg.de\/index.php?rest_route=%2Fwp%2Fv2%2Fcomments&post=41"}],"version-history":[{"count":0,"href":"https:\/\/daniel-behmenburg.de\/index.php?rest_route=\/wp\/v2\/posts\/41\/revisions"}],"wp:attachment":[{"href":"https:\/\/daniel-behmenburg.de\/index.php?rest_route=%2Fwp%2Fv2%2Fmedia&parent=41"}],"wp:term":[{"taxonomy":"category","embeddable":true,"href":"https:\/\/daniel-behmenburg.de\/index.php?rest_route=%2Fwp%2Fv2%2Fcategories&post=41"},{"taxonomy":"post_tag","embeddable":true,"href":"https:\/\/daniel-behmenburg.de\/index.php?rest_route=%2Fwp%2Fv2%2Ftags&post=41"}],"curies":[{"name":"wp","href":"https:\/\/api.w.org\/{rel}","templated":true}]}}