{"id":40,"date":"2009-11-10T10:20:00","date_gmt":"2009-11-10T10:20:00","guid":{"rendered":"http:\/\/danielbehmenburg.wordpress.com\/2009\/11\/10\/behmenburg-gewahlt"},"modified":"2009-11-10T10:20:00","modified_gmt":"2009-11-10T10:20:00","slug":"behmenburg-gewahlt","status":"publish","type":"post","link":"https:\/\/daniel-behmenburg.de\/?p=40","title":{"rendered":"Behmenburg gew\u00e4hlt"},"content":{"rendered":"<p class=\"MsoNormal\"><span style=\"color:black;\">Einstimmig w\u00e4hlten die SPD-Fraktionsvorsitzenden der Essener Stadtbezirke am Montag Abend im Essener Rathaus den SPD-Fraktionsvorsitzenden aus dem Bezirk IX, Daniel Behmenburg, zu ihrem stellvertretenden Sprecher. <\/span><\/p>\n<p class=\"MsoNormal\"><span style=\"color:black;\">Die Vorsitzenden der SPD-Bezirksfraktionen treffen sich in regelm\u00e4\u00dfigen Abst\u00e4nden und tauschen sich \u00fcber ihre Arbeit aus und diskutieren \u00fcber Themen von gesamtst\u00e4dtischer Relevanz. In den kommenden f\u00fcnf Jahren will man noch enger zusammenarbeiten und insbesondere bezirks\u00fcbergreifende Themen fr\u00fcher gemeinsam angehen. <\/span><\/p>\n","protected":false},"excerpt":{"rendered":"<p>Einstimmig w\u00e4hlten die SPD-Fraktionsvorsitzenden der Essener Stadtbezirke am Montag Abend im Essener Rathaus den SPD-Fraktionsvorsitzenden aus dem Bezirk IX, Daniel Behmenburg, zu ihrem stellvertretenden Sprecher. Die Vorsitzenden der SPD-Bezirksfraktionen treffen sich in regelm\u00e4\u00dfigen Abst\u00e4nden und tauschen sich \u00fcber ihre Arbeit aus und diskutieren \u00fcber Themen von gesamtst\u00e4dtischer Relevanz. In den [&hellip;]<\/p>\n","protected":false},"author":1,"featured_media":0,"comment_status":"open","ping_status":"open","sticky":false,"template":"","format":"standard","meta":{"footnotes":""},"categories":[1],"tags":[],"class_list":["post-40","post","type-post","status-publish","format-standard","hentry","category-uncategorized"],"_links":{"self":[{"href":"https:\/\/daniel-behmenburg.de\/index.php?rest_route=\/wp\/v2\/posts\/40","targetHints":{"allow":["GET"]}}],"collection":[{"href":"https:\/\/daniel-behmenburg.de\/index.php?rest_route=\/wp\/v2\/posts"}],"about":[{"href":"https:\/\/daniel-behmenburg.de\/index.php?rest_route=\/wp\/v2\/types\/post"}],"author":[{"embeddable":true,"href":"https:\/\/daniel-behmenburg.de\/index.php?rest_route=\/wp\/v2\/users\/1"}],"replies":[{"embeddable":true,"href":"https:\/\/daniel-behmenburg.de\/index.php?rest_route=%2Fwp%2Fv2%2Fcomments&post=40"}],"version-history":[{"count":0,"href":"https:\/\/daniel-behmenburg.de\/index.php?rest_route=\/wp\/v2\/posts\/40\/revisions"}],"wp:attachment":[{"href":"https:\/\/daniel-behmenburg.de\/index.php?rest_route=%2Fwp%2Fv2%2Fmedia&parent=40"}],"wp:term":[{"taxonomy":"category","embeddable":true,"href":"https:\/\/daniel-behmenburg.de\/index.php?rest_route=%2Fwp%2Fv2%2Fcategories&post=40"},{"taxonomy":"post_tag","embeddable":true,"href":"https:\/\/daniel-behmenburg.de\/index.php?rest_route=%2Fwp%2Fv2%2Ftags&post=40"}],"curies":[{"name":"wp","href":"https:\/\/api.w.org\/{rel}","templated":true}]}}