{"id":398,"date":"2016-10-02T14:09:28","date_gmt":"2016-10-02T14:09:28","guid":{"rendered":"https:\/\/danielbehmenburg.wordpress.com\/?p=398"},"modified":"2016-10-02T14:09:28","modified_gmt":"2016-10-02T14:09:28","slug":"gut-besuchter-informationsstand-zum-verkehrskonzept","status":"publish","type":"post","link":"https:\/\/daniel-behmenburg.de\/?p=398","title":{"rendered":"Gut besuchter Informationsstand zum Verkehrskonzept"},"content":{"rendered":"\n<p>CDU-Fraktion in der BV 9, SPD-Fraktion in der BV 9, Fraktion von B\u00fcndnis90\/ Die Gr\u00fcnen in der BV 9, FDP\/ B\u00fcrgerlich Liberale Fraktion in der BV 9, Die Linke in der BV 9,\u00a0 CDU-Ortsverband Heidhausen, SPD-Ortsverein Werden\/ Bredeney, B\u00fcrgerinitiative Werden\/ Heidhausen, Werdener Werbering informierten vor dem Rathaus Werden.<\/p>\n<p>Am 1. Oktober 2016 informierten die Bef\u00fcrworter einer Entwicklung f\u00fcr den Werdener Ortskern \u00fcber das geplante Konzept f\u00fcr eine neue Verkehrsf\u00fchrung im Herzen der Abteistadt.<\/p>\n<p>Der Werdener Ortskern braucht dringend eine Entlastung. Fernab von tr\u00e4umerischen Ans\u00e4tzen braucht es handfeste und umsetzbare L\u00f6sungen f\u00fcr den Bereich der B224 und der Werdener Altstadt. Genau mit der Erarbeitung eines solchen umsetzbaren Verkehrskonzeptes haben Akteure aus der Ortspolitik, der Verwaltung, von Werdener Interessenverb\u00e4nden und Vereinen und aus der Werdener B\u00fcrgerschaft im Jahr 2011 begonnen. Unter Einbindung aller Beteiligten, Betroffenen und Interessierten ist eine Konzeption entstanden, die eine sp\u00fcrbare Verbesserung des Status Quo darstellt. In der stark belasteten Br\u00fcckstra\u00dfe f\u00fchren die Planungen zu einer deutlichen Reduzierung der Schadstoff- und L\u00e4rmbelastung. Nach dem Luftschadstoffgutachten aus dem Jahr 2012 sind dar\u00fcber hinaus in der Abteistra\u00dfe keine \u00dcberschreitungen der Grenzwerte zu erwarten. Der Verkehrsknoten-punkt wird von dem Platz in der Ortsmitte auf die Br\u00fccke vorverlagert. Damit bietet sich die Chance, den Werdener Markt st\u00e4dtebaulich deutlich aufzuwerten und zu einer erheblichen Attraktivit\u00e4tssteigerung der Werdener Altstadt f\u00fcr die hier wohnenden B\u00fcrgerinnen und B\u00fcrger, aber auch f\u00fcr die Besucherinnen und Besucher der Abteistadt, beizutragen.<\/p>\n<p>Nachdem die Pl\u00e4ne im Januar 2016 mit einer \u00fcberw\u00e4ltigenden Mehrheit demokratisch beschlossen wurden, wurde sich bereits mit der Feinplanung besch\u00e4ftigt. Hierbei wurden ganz bewusst auch die Kritiker des Verkehrskonzeptes eingebunden. Insbesondere W\u00fcnsche und Anregungen der Gesch\u00e4ftsleute auf der Abteistra\u00dfe wurden noch in das laufende Verfahren eingespeist. Aktuell stehen die Planungen f\u00fcr den Werdener Markt an. Wir laden alle Interessierten ein, sich zu beteiligen.<\/p>\n<p>Lassen Sie sich nicht verr\u00fcckt machen und bilden Sie sich selber eine Meinung. Alle Unterlagen finden Sie im Internet zusammengestellt unter <a href=\"http:\/\/verkehrskonzept.daniel-behmenburg.de\">verkehrskonzept.daniel-behmenburg.de<\/a> . Wenn Sie Fragen oder Anregungen haben, wenden Sie sich an Ihre Bezirksvertretung unter bv9@essen.de . Oder sprechen Sie uns einfach an!<\/p>\n<p>Neben den hier bereits verlinkten Dokumenten waren auch diese Ausarbeitungen ausgestellt:<\/p>\n<p><a title=\"20160926-pm-va-verkehrskonzept-01-10-2016\" href=\"https:\/\/danielbehmenburg.files.wordpress.com\/2016\/02\/20160926-pm-va-verkehrskonzept-01-10-2016.pdf\" target=\"_blank\" rel=\"noopener noreferrer\">Pressemitteilung zur Informationsveranstaltung<\/a><\/p>\n<p><a title=\"faktencheck-verkehrskonzept\" href=\"https:\/\/danielbehmenburg.files.wordpress.com\/2016\/02\/faktencheck-verkehrskonzept.pdf\" target=\"_blank\" rel=\"noopener noreferrer\">Der Faktencheck zum Verkehrskonzept<\/a><\/p>\n<p><a title=\"flyer-verkehrskonzept-a5\" href=\"https:\/\/danielbehmenburg.files.wordpress.com\/2016\/02\/flyer-verkehrskonzept-a5.pdf\" target=\"_blank\" rel=\"noopener noreferrer\">Flugblatt zum Verkehrskonzept<\/a><\/p>\n<p><img loading=\"lazy\" decoding=\"async\" class=\"alignnone size-full wp-image-395\" src=\"https:\/\/danielbehmenburg.files.wordpress.com\/2016\/02\/werdener-markt-entwurf-variante-1-treppen.jpg\" alt=\"werdener-markt-entwurf-variante-1-treppen\" width=\"8266\" height=\"6687\" \/><\/p>\n<p>&nbsp;<\/p>\n<p>&nbsp;<\/p>\n<h3><\/h3>\n","protected":false},"excerpt":{"rendered":"<p>CDU-Fraktion in der BV 9, SPD-Fraktion in der BV 9, Fraktion von B\u00fcndnis90\/ Die Gr\u00fcnen in der BV 9, FDP\/ B\u00fcrgerlich Liberale Fraktion in der BV 9, Die Linke in der BV 9,\u00a0 CDU-Ortsverband Heidhausen, SPD-Ortsverein Werden\/ Bredeney, B\u00fcrgerinitiative Werden\/ Heidhausen, Werdener Werbering informierten vor dem Rathaus Werden. Am 1. [&hellip;]<\/p>\n","protected":false},"author":1,"featured_media":0,"comment_status":"open","ping_status":"open","sticky":false,"template":"","format":"standard","meta":{"footnotes":""},"categories":[1],"tags":[],"class_list":["post-398","post","type-post","status-publish","format-standard","hentry","category-uncategorized"],"_links":{"self":[{"href":"https:\/\/daniel-behmenburg.de\/index.php?rest_route=\/wp\/v2\/posts\/398","targetHints":{"allow":["GET"]}}],"collection":[{"href":"https:\/\/daniel-behmenburg.de\/index.php?rest_route=\/wp\/v2\/posts"}],"about":[{"href":"https:\/\/daniel-behmenburg.de\/index.php?rest_route=\/wp\/v2\/types\/post"}],"author":[{"embeddable":true,"href":"https:\/\/daniel-behmenburg.de\/index.php?rest_route=\/wp\/v2\/users\/1"}],"replies":[{"embeddable":true,"href":"https:\/\/daniel-behmenburg.de\/index.php?rest_route=%2Fwp%2Fv2%2Fcomments&post=398"}],"version-history":[{"count":0,"href":"https:\/\/daniel-behmenburg.de\/index.php?rest_route=\/wp\/v2\/posts\/398\/revisions"}],"wp:attachment":[{"href":"https:\/\/daniel-behmenburg.de\/index.php?rest_route=%2Fwp%2Fv2%2Fmedia&parent=398"}],"wp:term":[{"taxonomy":"category","embeddable":true,"href":"https:\/\/daniel-behmenburg.de\/index.php?rest_route=%2Fwp%2Fv2%2Fcategories&post=398"},{"taxonomy":"post_tag","embeddable":true,"href":"https:\/\/daniel-behmenburg.de\/index.php?rest_route=%2Fwp%2Fv2%2Ftags&post=398"}],"curies":[{"name":"wp","href":"https:\/\/api.w.org\/{rel}","templated":true}]}}