{"id":39,"date":"2009-10-11T21:14:00","date_gmt":"2009-10-11T21:14:00","guid":{"rendered":"http:\/\/danielbehmenburg.wordpress.com\/2009\/10\/11\/bezirk-ix-%e2%80%9eweiter-so%e2%80%9c-dank-fdp"},"modified":"2009-10-11T21:14:00","modified_gmt":"2009-10-11T21:14:00","slug":"bezirk-ix-weiter-so-dank-fdp","status":"publish","type":"post","link":"https:\/\/daniel-behmenburg.de\/?p=39","title":{"rendered":"Bezirk IX: \u201eWeiter so\u201c dank FDP!"},"content":{"rendered":"<p class=\"MsoPlainText\">Zeit f\u00fcr einen Generationswechsel im Bezirk scheint noch nicht reif<\/p>\n<p>Zur Entscheidung der neuen FDP-Vertreter in der Bezirksvertretung IX, den CDU-Kandidaten Herrn Dr. Bonmann zum Bezirksb\u00fcrgermeister zu w\u00e4hlen, erkl\u00e4rt der SPD-Fraktionsvorsitzende und Kandidat seiner Partei f\u00fcr das Amt des Bezirksb\u00fcrgermeisters, Daniel Behmenburg:<\/p>\n<p>\u201eWir als SPD bedauern die Entscheidung der FDP. Diese Entscheidung ist mutlos und wohl Forderungen aus der Essener Ratsfraktion geschuldet. Hier wurde die Chance auf einen echten Generationen- und Politikwechsel verpasst. Auch die B\u00fcrgerinnen und B\u00fcrger haben sich bei der Kommunalwahl gegen ein \u201aWeiter so\u2018 entschieden, sondern f\u00fcr einen Politikwechsel votiert. Die Zeit f\u00fcr einen wirklichen Umbruch und Neubeginn im Bezirk IX scheint noch nicht reif gewesen zu sein, wir als SPD werden jedoch weiter daran arbeiten.\u201c<\/p>\n<p>Herrn Bonmann w\u00fcnscht Daniel Behmenburg im Sinne des Bezirks eine gl\u00fcckliche Hand bei der Bew\u00e4ltigung der anstehenden Aufgaben und sagt die konstruktive, sachorientierte Zusammenarbeit der SPD zu: \u201eIch gratuliere Herrn Dr. Bonmann und k\u00fcndige an, mit der SPD-Fraktion an der Neugestaltung unseres Bezirkes mit zu arbeiten. Es ist fairer demokratischer Umgang, dass man einem neuen Amtsinhaber die Gelegenheit gibt, sich in das Amt einzuarbeiten. Diese Fairness wollen auch wir erweisen, erwarten daf\u00fcr aber auch klare Signale f\u00fcr einen anderen Umgang miteinander. Die erste Bew\u00e4hrungsprobe wird die Wahl der Beauftragten in der Bezirksvertretung sein. Hier wird die CDU die M\u00f6glichkeit haben, ihren Worten Taten folgen zu lassen und alle Parteien einzubinden. Auch bei der Frage der Haushaltsaufstellung und der sonstigen Mittelvergaben erwarten wir in Zukunft eine echte Zusammenarbeit!\u201c<\/p>\n<p>F\u00fcr die kommenden f\u00fcnf Jahre k\u00fcndigt Behmenburg eine engagierte Oppositionsarbeit im Interesse der Menschen an: \u201eWir sind mit klaren Aussagen in den Wahlkampf gezogen \u2013 und diese wollen wir in den kommenden f\u00fcnf Jahren umsetzen! Besonders die Gespr\u00e4che mit den neuen Bezirksvertretern von Gr\u00fcnen, EBB, FDP und den Linken im Bezirk IX haben gro\u00dfe inhaltliche \u00dcbereinstimmungen gezeigt. In der Personalfrage war sich schwarz-gelb einig, aber in Sachfragen sehen wir fernab der  CDU eine inhaltliche Koalition der Vernunft in der neuen Bezirksvertretung.\u201c<\/p>\n<p>\u201ePers\u00f6nlich m\u00f6chte ich \u201aDanke\u2018 f\u00fcr all den Zuspruch, die Unterst\u00fctzung und R\u00fcckendeckung in den letzten Wochen seit der Kommunalwahl sagen. Es hat gut getan und war eine pr\u00e4gende Erfahrung, so viele Menschen hinter sich zu wissen!\u201c bemerkt Behmenburg abschlie\u00dfend.<\/p>\n<p>Die SPD-Fraktion in der BV IX wird sich nun in den n\u00e4chsten Tagen treffen, um die neuen Ereignisse gemeinsam mit Vertretern der SPD vor Ort zu diskutieren und sich dementsprechend aufzustellen. <\/p>\n","protected":false},"excerpt":{"rendered":"<p>Zeit f\u00fcr einen Generationswechsel im Bezirk scheint noch nicht reif Zur Entscheidung der neuen FDP-Vertreter in der Bezirksvertretung IX, den CDU-Kandidaten Herrn Dr. Bonmann zum Bezirksb\u00fcrgermeister zu w\u00e4hlen, erkl\u00e4rt der SPD-Fraktionsvorsitzende und Kandidat seiner Partei f\u00fcr das Amt des Bezirksb\u00fcrgermeisters, Daniel Behmenburg: \u201eWir als SPD bedauern die Entscheidung der FDP. [&hellip;]<\/p>\n","protected":false},"author":1,"featured_media":0,"comment_status":"open","ping_status":"open","sticky":false,"template":"","format":"standard","meta":{"footnotes":""},"categories":[1],"tags":[],"class_list":["post-39","post","type-post","status-publish","format-standard","hentry","category-uncategorized"],"_links":{"self":[{"href":"https:\/\/daniel-behmenburg.de\/index.php?rest_route=\/wp\/v2\/posts\/39","targetHints":{"allow":["GET"]}}],"collection":[{"href":"https:\/\/daniel-behmenburg.de\/index.php?rest_route=\/wp\/v2\/posts"}],"about":[{"href":"https:\/\/daniel-behmenburg.de\/index.php?rest_route=\/wp\/v2\/types\/post"}],"author":[{"embeddable":true,"href":"https:\/\/daniel-behmenburg.de\/index.php?rest_route=\/wp\/v2\/users\/1"}],"replies":[{"embeddable":true,"href":"https:\/\/daniel-behmenburg.de\/index.php?rest_route=%2Fwp%2Fv2%2Fcomments&post=39"}],"version-history":[{"count":0,"href":"https:\/\/daniel-behmenburg.de\/index.php?rest_route=\/wp\/v2\/posts\/39\/revisions"}],"wp:attachment":[{"href":"https:\/\/daniel-behmenburg.de\/index.php?rest_route=%2Fwp%2Fv2%2Fmedia&parent=39"}],"wp:term":[{"taxonomy":"category","embeddable":true,"href":"https:\/\/daniel-behmenburg.de\/index.php?rest_route=%2Fwp%2Fv2%2Fcategories&post=39"},{"taxonomy":"post_tag","embeddable":true,"href":"https:\/\/daniel-behmenburg.de\/index.php?rest_route=%2Fwp%2Fv2%2Ftags&post=39"}],"curies":[{"name":"wp","href":"https:\/\/api.w.org\/{rel}","templated":true}]}}