{"id":38,"date":"2009-09-27T12:58:00","date_gmt":"2009-09-27T12:58:00","guid":{"rendered":"http:\/\/danielbehmenburg.wordpress.com\/2009\/09\/27\/online-voting-zur-wahl-des-bezirksburgermeisters"},"modified":"2009-09-27T12:58:00","modified_gmt":"2009-09-27T12:58:00","slug":"online-voting-zur-wahl-des-bezirksburgermeisters","status":"publish","type":"post","link":"https:\/\/daniel-behmenburg.de\/?p=38","title":{"rendered":"Online Voting zur Wahl des Bezirksb\u00fcrgermeisters"},"content":{"rendered":"<div style=\"text-align:left;\"><span class=\"Apple-style-span\" style=\"font-family:verdana;font-size:small;\">Wenn es nach den Lesern des Kettwig Kurier und Werden Kurier geht, dann ist das Ergebnis eindeutig: Junger, frischer Wind soll an die Spitze der BV IX. Weit \u00fcber 70 % der Teilnehmer an der Umfrage sprechen sich f\u00fcr den Fraktionsvorsitzenden der SPD-Fraktion, Daniel Behmenburg, als neuen Bezirksb\u00fcrgermeister aus.<\/span><\/div>\n<div style=\"text-align:center;\"><span class=\"Apple-style-span\" style=\"font-family:verdana;\"><span class=\"Apple-style-span\" style=\"font-size:small;\"><br \/><\/span><\/span><\/div>\n<div><span class=\"Apple-style-span\" style=\"font-family:verdana;\"><span class=\"Apple-style-span\" style=\"font-size:small;\">Zum Hintergrund: Zum ersten Mal seit \u00fcber 30 Jahren hat die CDU im Stadtbezirk IX die absolute Mehrheit bei der j\u00fcngsten Kommunalwahl verloren. Nun sind verschiedene Mehrheiten in der Bezirksvertretung des Essener S\u00fcdens rechnerisch m\u00f6glich. Die SPD und die CDU werben nun bei den anderen Parteien mit Ihren Konzepten f\u00fcr eine moderne und zukunftsf\u00e4hige Politik in Werden, Kettwig, Bredeney, Fischlaken, Heidhausen und Schuir.<\/span><\/span><\/div>\n<div style=\"text-align:center;\"><span class=\"Apple-style-span\" style=\"font-family:verdana;\"><span class=\"Apple-style-span\" style=\"font-size:small;\"><br \/><\/span><\/span><\/div>\n<div><span class=\"Apple-style-span\" style=\"font-family:verdana;\"><span class=\"Apple-style-span\" style=\"font-size:small;\">Es bleibt spannend! Gew\u00e4hlt wird der neue Bezirksb\u00fcrgermeister \u00fcbrigens in der Sitzung am 27. Oktober 2009, 16.00 Uhr, Rathaus Kettwig. <\/span><\/span><\/div>\n<div><span class=\"Apple-style-span\" style=\"font-family:verdana;\"><span class=\"Apple-style-span\" style=\"font-size:small;\"><br \/><\/span><\/span><\/div>\n<div><span class=\"Apple-style-span\" style=\"font-family:verdana;\"><span class=\"Apple-style-span\" style=\"font-size:small;\">Auch Sie k\u00f6nnen noch an den beiden Umfragen teilnehmen:<\/span><\/span><\/div>\n<div><span class=\"Apple-style-span\" style=\"font-family:verdana;\"><span class=\"Apple-style-span\" style=\"font-size:small;\"><br \/><\/span><\/span><\/div>\n<div><span class=\"Apple-style-span\" style=\"font-family:verdana;\"><a href=\"http:\/\/www.kettwigkurier-essen.de\/\"><span class=\"Apple-style-span\" style=\"font-size:small;\">www.kettwigkurier-essen.de<\/span><\/a><\/span><\/div>\n<div><span class=\"Apple-style-span\" style=\"font-family:verdana;\"><a href=\"http:\/\/www.werdenkurier-essen.de\/\"><span class=\"Apple-style-span\" style=\"font-size:small;\">www.werdenkurier-essen.de<\/span><\/a><\/span><\/div>\n<div><span class=\"Apple-style-span\" style=\"font-family:verdana;\"><br \/><\/span><\/div>\n<div style=\"text-align:center;\"><\/div>\n<div><img decoding=\"async\" src=\"http:\/\/2.bp.blogspot.com\/_rUB_Fwl7-do\/Sr9kstgu3KI\/AAAAAAAAItA\/vUmcFg4EU18\/s400\/online+voting+Kopie.jpg\" border=\"0\" alt=\"\" \/><\/div>\n","protected":false},"excerpt":{"rendered":"<p>Wenn es nach den Lesern des Kettwig Kurier und Werden Kurier geht, dann ist das Ergebnis eindeutig: Junger, frischer Wind soll an die Spitze der BV IX. Weit \u00fcber 70 % der Teilnehmer an der Umfrage sprechen sich f\u00fcr den Fraktionsvorsitzenden der SPD-Fraktion, Daniel Behmenburg, als neuen Bezirksb\u00fcrgermeister aus. Zum [&hellip;]<\/p>\n","protected":false},"author":1,"featured_media":0,"comment_status":"open","ping_status":"open","sticky":false,"template":"","format":"standard","meta":{"footnotes":""},"categories":[1],"tags":[],"class_list":["post-38","post","type-post","status-publish","format-standard","hentry","category-uncategorized"],"_links":{"self":[{"href":"https:\/\/daniel-behmenburg.de\/index.php?rest_route=\/wp\/v2\/posts\/38","targetHints":{"allow":["GET"]}}],"collection":[{"href":"https:\/\/daniel-behmenburg.de\/index.php?rest_route=\/wp\/v2\/posts"}],"about":[{"href":"https:\/\/daniel-behmenburg.de\/index.php?rest_route=\/wp\/v2\/types\/post"}],"author":[{"embeddable":true,"href":"https:\/\/daniel-behmenburg.de\/index.php?rest_route=\/wp\/v2\/users\/1"}],"replies":[{"embeddable":true,"href":"https:\/\/daniel-behmenburg.de\/index.php?rest_route=%2Fwp%2Fv2%2Fcomments&post=38"}],"version-history":[{"count":0,"href":"https:\/\/daniel-behmenburg.de\/index.php?rest_route=\/wp\/v2\/posts\/38\/revisions"}],"wp:attachment":[{"href":"https:\/\/daniel-behmenburg.de\/index.php?rest_route=%2Fwp%2Fv2%2Fmedia&parent=38"}],"wp:term":[{"taxonomy":"category","embeddable":true,"href":"https:\/\/daniel-behmenburg.de\/index.php?rest_route=%2Fwp%2Fv2%2Fcategories&post=38"},{"taxonomy":"post_tag","embeddable":true,"href":"https:\/\/daniel-behmenburg.de\/index.php?rest_route=%2Fwp%2Fv2%2Ftags&post=38"}],"curies":[{"name":"wp","href":"https:\/\/api.w.org\/{rel}","templated":true}]}}