{"id":373,"date":"2016-09-27T06:00:06","date_gmt":"2016-09-27T06:00:06","guid":{"rendered":"https:\/\/danielbehmenburg.wordpress.com\/2016\/09\/27\/fuer-ein-verkehrskonzept-fuer-den-werdener-ortskern\/"},"modified":"2016-09-27T06:00:06","modified_gmt":"2016-09-27T06:00:06","slug":"fuer-ein-verkehrskonzept-fuer-den-werdener-ortskern","status":"publish","type":"post","link":"https:\/\/daniel-behmenburg.de\/?p=373","title":{"rendered":"F\u00fcr ein Verkehrskonzept f\u00fcr den Werdener Ortskern"},"content":{"rendered":"<p>Gro\u00dfe Informationsveranstaltung am 1. Oktober auf dem Werdener Rathausvorplatz<\/p>\n<p>&nbsp;<\/p>\n<p>Der Werdener Ortskern braucht dringend eine Entlastung. Fernab von tr\u00e4umerischen L\u00f6sungen braucht es handfeste und umsetzbare L\u00f6sungen f\u00fcr den Bereich der B224 und der Werdener Altstadt. Vor einigen Jahren haben sich deshalb die Akteure aus der Ortspolitik, der Verwaltung, von den Werdener Interessenverb\u00e4nden und aus der Werdener B\u00fcrgerschaft und Bev\u00f6lkerung auf den Weg gemacht, an einem Verkehrskonzept f\u00fcr den Werdener Ortskern zu arbeiten. Unter Einbindung aller Beteiligten und Interessierten ist eine Konzeption entstanden, die Anfang des Jahres 2016 auch mit \u00fcberw\u00e4ltigender Mehrheit so von den politischen Gremien beschlossen wurde.<\/p>\n<p>&nbsp;<\/p>\n<p>Detailplanungen und kleine Korrekturen wurden im Laufe des Jahres diskutiert, beschlossen und in die weitere Planung einbezogen. Dabei wurden bewusst auch die Kritiker des Verkehrskonzeptes intensiv eingebunden. Leider schaffen einzelne Skeptiker durch bewusste Verdrehung der Tatsachen, Unterstellungen und Fehlinformationen immer wieder eine Unsicherheit in Teilen der Bev\u00f6lkerung, wo gerade vielmehr ein konstruktiver gemeinsamer Blick in die Zukunft angesagt ist. Wer jetzt eine Totalverweigerung betreibt nimmt sich die Chance, sich in die weiteren Planungen konstruktiv mit einzubringen.<\/p>\n<p>&nbsp;<\/p>\n<p>Deshalb laden die Unterzeichner alle Interessierten vor das Werdener Rathaus ein, um sachlich und ausf\u00fchrlich \u00fcber die bisherigen Planungen zu berichten, Fragen zu beantworten und auch Anregungen mitzunehmen:<\/p>\n<p>&nbsp;<\/p>\n<p>Tag: Samstag, 1. Oktober 2016<\/p>\n<p>Uhrzeit: von 10.00 Uhr bis 13.00 Uhr<\/p>\n<p>Ort: Platz vor dem Werdener Rathaus, Werdener Markt 1<\/p>\n<p>&nbsp;<\/p>\n<p>Wir freuen uns auf angeregte Gespr\u00e4che.<\/p>\n<p>&nbsp;<\/p>\n<p>&#8212;&#8212;&#8212;-<\/p>\n<p>Unterzeichner:<\/p>\n<p>CDU-Fraktion in der BV 9<\/p>\n<p>SPD-Fraktion in der BV 9<\/p>\n<p>CDU-Ortsverband Heidhausen\/ Fischlaken<\/p>\n<p>SPD-Ortsverein Werden\/ Bredeney<\/p>\n<p>Fraktion von B\u00fcndnis90\/ Die Gr\u00fcnen in der BV 9<\/p>\n<p>FDP\/B\u00fcrgerlich Liberale Fraktion in der BV 9<\/p>\n<p>Die Linke. in der BV 9<\/p>\n<p>B\u00fcrgerinitiative Werden\/ Heidhausen<\/p>\n<p>Werdener Werbering<\/p>\n<p>&nbsp;<\/p>\n<p>Namentlich:&nbsp;<\/p>\n<p>Patrick Widmaier<\/p>\n<p>Michael Bonmann<\/p>\n<p>Daniel  Behmenburg<\/p>\n<p>Hans Joachim von Hesler-Wirtz<\/p>\n<p>Andreas G\u00f6bel<\/p>\n<p>Benjamin Brenk<\/p>\n<p>Reinhold Schulzki<\/p>\n<p>Yannick Lubisch<\/p>\n<p>Stephan S\u00fclzer<\/p>\n<p>Peter Allmang<\/p>\n<p>Anna Leipprand<\/p>\n<p>Ludger Hicking<\/p>\n<p>Christoph Fleischer<\/p>\n<p>Ulla L\u00f6tzer<\/p>\n","protected":false},"excerpt":{"rendered":"<p>Gro\u00dfe Informationsveranstaltung am 1. Oktober auf dem Werdener Rathausvorplatz &nbsp; Der Werdener Ortskern braucht dringend eine Entlastung. Fernab von tr\u00e4umerischen L\u00f6sungen braucht es handfeste und umsetzbare L\u00f6sungen f\u00fcr den Bereich der B224 und der Werdener Altstadt. Vor einigen Jahren haben sich deshalb die Akteure aus der Ortspolitik, der Verwaltung, von [&hellip;]<\/p>\n","protected":false},"author":1,"featured_media":0,"comment_status":"open","ping_status":"open","sticky":false,"template":"","format":"standard","meta":{"footnotes":""},"categories":[1],"tags":[],"class_list":["post-373","post","type-post","status-publish","format-standard","hentry","category-uncategorized"],"_links":{"self":[{"href":"https:\/\/daniel-behmenburg.de\/index.php?rest_route=\/wp\/v2\/posts\/373","targetHints":{"allow":["GET"]}}],"collection":[{"href":"https:\/\/daniel-behmenburg.de\/index.php?rest_route=\/wp\/v2\/posts"}],"about":[{"href":"https:\/\/daniel-behmenburg.de\/index.php?rest_route=\/wp\/v2\/types\/post"}],"author":[{"embeddable":true,"href":"https:\/\/daniel-behmenburg.de\/index.php?rest_route=\/wp\/v2\/users\/1"}],"replies":[{"embeddable":true,"href":"https:\/\/daniel-behmenburg.de\/index.php?rest_route=%2Fwp%2Fv2%2Fcomments&post=373"}],"version-history":[{"count":0,"href":"https:\/\/daniel-behmenburg.de\/index.php?rest_route=\/wp\/v2\/posts\/373\/revisions"}],"wp:attachment":[{"href":"https:\/\/daniel-behmenburg.de\/index.php?rest_route=%2Fwp%2Fv2%2Fmedia&parent=373"}],"wp:term":[{"taxonomy":"category","embeddable":true,"href":"https:\/\/daniel-behmenburg.de\/index.php?rest_route=%2Fwp%2Fv2%2Fcategories&post=373"},{"taxonomy":"post_tag","embeddable":true,"href":"https:\/\/daniel-behmenburg.de\/index.php?rest_route=%2Fwp%2Fv2%2Ftags&post=373"}],"curies":[{"name":"wp","href":"https:\/\/api.w.org\/{rel}","templated":true}]}}