{"id":34,"date":"2009-09-18T06:49:00","date_gmt":"2009-09-18T06:49:00","guid":{"rendered":"http:\/\/danielbehmenburg.wordpress.com\/2009\/09\/18\/die-neue-bv-ix-drei-fragen-an"},"modified":"2009-09-18T06:49:00","modified_gmt":"2009-09-18T06:49:00","slug":"die-neue-bv-ix-drei-fragen-an","status":"publish","type":"post","link":"https:\/\/daniel-behmenburg.de\/?p=34","title":{"rendered":"Die neue BV IX &#8211; Drei Fragen an &#8230;"},"content":{"rendered":"<div style=\"text-align:center;\">\n<div style=\"text-align:left;\"><span class=\"Apple-style-span\" style=\"font-family:verdana;\"><span class=\"Apple-style-span\" style=\"font-size:small;\">Kettwig und Werden Kurier <\/span><\/span><\/div>\n<p><span class=\"Apple-style-span\" style=\"font-family:verdana;\"><\/p>\n<div style=\"text-align:left;\"><span class=\"Apple-style-span\" style=\"font-weight:bold;\"><span class=\"Apple-style-span\" style=\"font-weight:normal;\"><span class=\"Apple-style-span\" style=\"font-size:small;\">vom 19. September 2009<\/span><\/span><\/p>\n<p><\/span><\/div>\n<p><\/span><\/div>\n<div style=\"text-align:center;\"><span class=\"Apple-style-span\" style=\"font-weight:bold;font-family:verdana;\"><span class=\"Apple-style-span\" style=\"font-size:small;\">&#8222;Drei Fragen an &#8230;&#8220;<br \/><span class=\"Apple-style-span\" style=\"font-weight:normal;font-style:italic;\"><span class=\"Apple-style-span\" style=\"font-style:normal;\"><b><\/p>\n<div style=\"text-align:left;\"><span class=\"Apple-style-span\" style=\"font-weight:normal;\"><i><br \/><\/i><\/span><\/div>\n<p><span class=\"Apple-style-span\" style=\"font-weight:normal;font-style:italic;\"><\/p>\n<div style=\"text-align:left;\">Daniel Behmenburg,<br \/>30 Jahre, <\/div>\n<div style=\"text-align:left;\">nicht verheiratet, aber seit \u00fcber sechs Jahren \u201ein festen H\u00e4nden\u201c,<br \/>Student, halbtags berufst\u00e4tig<\/div>\n<p><\/span><\/b><\/span><\/span><\/span><\/span><\/div>\n<div><span class=\"Apple-style-span\" style=\"font-family:verdana;\"><\/p>\n<p class=\"MsoPlainText\"><span class=\"Apple-style-span\" style=\"font-size:small;\"><span class=\"Apple-style-span\" style=\"font-weight:bold;\"><span class=\"Apple-style-span\" style=\"font-weight:normal;\"><br \/><\/span><span class=\"Apple-style-span\" style=\"font-weight:normal;\"><br \/><\/span>Wof\u00fcr engagieren Sie sich?<br \/><\/span><\/span><b><span class=\"Apple-style-span\" style=\"font-size:small;\"><span class=\"Apple-style-span\" style=\"font-weight:normal;\"><span class=\"Apple-style-span\" style=\"font-weight:bold;\"><span class=\"Apple-style-span\" style=\"font-weight:normal;\"><span class=\"Apple-style-span\" style=\"font-weight:bold;\"><span class=\"Apple-style-span\" style=\"font-weight:normal;\"><b><span class=\"Apple-style-span\" style=\"font-weight:normal;\"><b><br \/><\/b><span class=\"Apple-style-span\" style=\"font-size:small;\">Inhaltlich gibt viel zu tun, viele Projekte wurden in den letzten Jahren nicht konsequent angegangen: Unsere Gr\u00fcnfl\u00e4chen m\u00fcssen erhalten werden, \u201eSchmachtenberg\u201c und \u201eGr\u00fcne Harfe\u201c sind da nur zwei Beispiele. Der krank machende Flug- und Stra\u00dfenl\u00e4rm und die Feinstaubproblematik m\u00fcssen konsequent angegangen werden, um den Menschen Lebensqualit\u00e4t zur\u00fcckzugeben. F\u00fcr die junge Generation m\u00fcssen wir ein ausreichendes Angebot an Sport- und Freizeitm\u00f6glichkeiten schaffen. Das Angebot an \u00f6ffentlichen Toiletten muss dringend verbessert werden und wir m\u00fcssen uns Gedanken machen, wie wir den Einzelhandel in unseren Stadtteilzentren st\u00e4rken k\u00f6nnen.<\/p>\n<p>Und wenn man mit den Menschen vor Ort spricht, dann kommen noch viele Punkte hinzu. Daran sieht man, wir als Politik k\u00f6nnen diese Herausforderungen der Zukunft nur gemeinsam mit den Menschen bew\u00e4ltigen. Politik von oben herab, Entscheidungen hinter verschlossenen T\u00fcren m\u00fcssen der Vergangenheit angeh\u00f6ren. Ich will hier einen neuen Politikstil etablieren, der die Menschen mit auf den Weg nimmt, der sich Zeit f\u00fcr sie nimmt und zuh\u00f6rt. Politische Entscheidungen als Ergebnis eines Diskussionsprozesses mit allen Beteiligten und Betroffenen m\u00fcssen zur Regel werden. So wirken wir auch geringen Wahlbeteiligungen und Politik(er)verdrossenheit entgegen! So stelle ich mir die \u201eNeue BV IX\u201c vor!<\/span><br \/><span class=\"Apple-style-span\" style=\"font-weight:bold;\"><span class=\"Apple-style-span\" style=\"font-weight:normal;\"><br \/><\/span><span class=\"Apple-style-span\" style=\"font-weight:normal;\"><br \/><\/span>Was wird Ihr erstes Projekt?<br \/><span class=\"Apple-style-span\" style=\"font-weight:normal;\"><b><br \/><\/b><span class=\"Apple-style-span\" style=\"font-size:small;\">Ich bin mit ganz klaren Aussagen in den Wahlkampf gezogen, diese Projekte m\u00f6chte ich als erste angehen:<\/span><\/span><\/span><\/span><\/b><\/span><\/span><\/span><\/span><\/span><\/span><\/b><\/p>\n<p><b><span class=\"Apple-style-span\" style=\"font-size:small;\"><span class=\"Apple-style-span\" style=\"font-weight:normal;\"><span class=\"Apple-style-span\" style=\"font-weight:bold;\"><span class=\"Apple-style-span\" style=\"font-weight:normal;\"><span class=\"Apple-style-span\" style=\"font-weight:bold;\"><span class=\"Apple-style-span\" style=\"font-weight:normal;\"><b><\/p>\n<p class=\"MsoPlainText\"><span class=\"Apple-style-span\" style=\"font-weight:normal;\"><span class=\"Apple-style-span\" style=\"font-size:small;\"><\/span><\/span><\/p>\n<p class=\"MsoPlainText\"><span class=\"Apple-style-span\" style=\"font-weight:normal;\"><span class=\"Apple-style-span\" style=\"font-size:small;\">1. Erhaltung der \u201eGr\u00fcnen Harfe\u201c und \u201eSchmachtenberg\u201c als Naherholungsgebiet, <\/span><\/span><span class=\"Apple-style-span\" style=\"font-weight:normal;\"><span class=\"Apple-style-span\" style=\"font-size:small;\"><\/span><\/span><\/p>\n<p class=\"MsoPlainText\"><span class=\"Apple-style-span\" style=\"font-weight:normal;\"><span class=\"Apple-style-span\" style=\"font-size:small;\">2. Schnelle Aufwertung und Nutzbarmachung der Sportpl\u00e4tze \u201eAm Volkswald\u201c und \u201eIm L\u00f6wental\u201c, <\/span><\/span><span class=\"Apple-style-span\" style=\"font-weight:normal;\"><span class=\"Apple-style-span\" style=\"font-size:small;\"><\/span><\/span><\/p>\n<p class=\"MsoPlainText\"><span class=\"Apple-style-span\" style=\"font-weight:normal;\"><span class=\"Apple-style-span\" style=\"font-size:small;\">3. Weitere Messstellen f\u00fcr Flugl\u00e4rm im Essener S\u00fcden.<br \/><\/span><\/span><\/p>\n<p>Wie sind Sie zur Politik gekommen?<\/p>\n<p><span class=\"Apple-style-span\" style=\"font-weight:normal;\"><span class=\"Apple-style-span\" style=\"font-size:small;\">1998 hat sich ein lokaler (SPD) Politiker sehr erfolgreich f\u00fcr einen Verein eingesetzt, in welchem ich aktiv war. Bisher dachte ich immer \u201eDie da oben reden ja nur!\u201c, merkte aber dann, dass Politik nicht nur in Berlin oder D\u00fcsseldorf stattfindet, sondern teilweise handfester vor der eigenen Haust\u00fcr. Das hat mein Interesse und meine Begeisterung geweckt. 1999 bin ich dann nach der Kommunalwahl in die SPD eingetreten.<\/span><\/span><\/p>\n<p><\/b><\/span><\/span><\/span><\/span><\/span><\/span><\/b><\/p>\n<p><\/span><\/div>\n","protected":false},"excerpt":{"rendered":"<p>Kettwig und Werden Kurier vom 19. September 2009 &#8222;Drei Fragen an &#8230;&#8220; Daniel Behmenburg,30 Jahre, nicht verheiratet, aber seit \u00fcber sechs Jahren \u201ein festen H\u00e4nden\u201c,Student, halbtags berufst\u00e4tig Wof\u00fcr engagieren Sie sich?Inhaltlich gibt viel zu tun, viele Projekte wurden in den letzten Jahren nicht konsequent angegangen: Unsere Gr\u00fcnfl\u00e4chen m\u00fcssen erhalten werden, [&hellip;]<\/p>\n","protected":false},"author":1,"featured_media":0,"comment_status":"open","ping_status":"open","sticky":false,"template":"","format":"standard","meta":{"footnotes":""},"categories":[1],"tags":[],"class_list":["post-34","post","type-post","status-publish","format-standard","hentry","category-uncategorized"],"_links":{"self":[{"href":"https:\/\/daniel-behmenburg.de\/index.php?rest_route=\/wp\/v2\/posts\/34","targetHints":{"allow":["GET"]}}],"collection":[{"href":"https:\/\/daniel-behmenburg.de\/index.php?rest_route=\/wp\/v2\/posts"}],"about":[{"href":"https:\/\/daniel-behmenburg.de\/index.php?rest_route=\/wp\/v2\/types\/post"}],"author":[{"embeddable":true,"href":"https:\/\/daniel-behmenburg.de\/index.php?rest_route=\/wp\/v2\/users\/1"}],"replies":[{"embeddable":true,"href":"https:\/\/daniel-behmenburg.de\/index.php?rest_route=%2Fwp%2Fv2%2Fcomments&post=34"}],"version-history":[{"count":0,"href":"https:\/\/daniel-behmenburg.de\/index.php?rest_route=\/wp\/v2\/posts\/34\/revisions"}],"wp:attachment":[{"href":"https:\/\/daniel-behmenburg.de\/index.php?rest_route=%2Fwp%2Fv2%2Fmedia&parent=34"}],"wp:term":[{"taxonomy":"category","embeddable":true,"href":"https:\/\/daniel-behmenburg.de\/index.php?rest_route=%2Fwp%2Fv2%2Fcategories&post=34"},{"taxonomy":"post_tag","embeddable":true,"href":"https:\/\/daniel-behmenburg.de\/index.php?rest_route=%2Fwp%2Fv2%2Ftags&post=34"}],"curies":[{"name":"wp","href":"https:\/\/api.w.org\/{rel}","templated":true}]}}