{"id":337,"date":"2016-03-02T08:24:32","date_gmt":"2016-03-02T08:24:32","guid":{"rendered":"https:\/\/danielbehmenburg.wordpress.com\/2016\/03\/02\/fraktionen-von-spd-und-cdu-zur-unterbringung-von-fluechtlingen-standortfragen-immer-offen-und-transparent-diskutiert\/"},"modified":"2016-03-02T08:24:32","modified_gmt":"2016-03-02T08:24:32","slug":"fraktionen-von-spd-und-cdu-zur-unterbringung-von-fluechtlingen-standortfragen-immer-offen-und-transparent-diskutiert","status":"publish","type":"post","link":"https:\/\/daniel-behmenburg.de\/?p=337","title":{"rendered":"Fraktionen von SPD und CDU zur Unterbringung von Fl\u00fcchtlingen: Standortfragen immer offen und transparent diskutiert"},"content":{"rendered":"<p>In der aktuellen Diskussion zur Unterbringung von Fl\u00fcchtlingen haben die Fraktionen von SPD und CDU sich immer daf\u00fcr eingesetzt, dass die Standortfragen offen und transparent gef\u00fchrt und die B\u00fcrgerinnen und B\u00fcrger in unserer Stadt umfassend informiert werden. J\u00fcngst wurde Kritik an der Verteilung von Fl\u00fcchtlingen sowie der Standortfrage in Werden und Heidhausen laut.<\/p>\n<p>Hierzu erkl\u00e4rt <strong>Dirk Kalweit<\/strong>, stellvertretender Vorsitzender und integrationspolitischer Sprecher der CDU-Fraktion \u201eIn der aktuellen Diskussion zur Unterbringung von Fl\u00fcchtlingen haben wir uns zu jeder Zeit daf\u00fcr eingesetzt, dass die B\u00fcrgerinnen und B\u00fcrger vor Ort umfassend informiert und Hinweise aus der B\u00fcrgerschaft nach alternativen Standorten entsprechend gepr\u00fcft werden. Daher ist es aus unserer Sicht nicht zutreffend, an dieser Stelle wie j\u00fcngst geschehen, uns in dieser Frage die n\u00f6tige Ehrlichkeit abzusprechen. Die Unterbringung, Betreuung und Integration der nach Essen zugewiesenen Fl\u00fcchtlinge ist einer der gr\u00f6\u00dften Herausforderungen, der wir uns stellen m\u00fcssen. Auch die Frage nach der Sicherheit im Umfeld einer Einrichtung, die die B\u00fcrgerinnen und B\u00fcrger umtreibt, haben wir stets in unsere \u00dcberlegungen miteinbezogen.\u201c<\/p>\n<p><strong>Martina Sch\u00fcrmann<\/strong>, CDU-Ratsfrau f\u00fcr Werden \/ Heidhausen erg\u00e4nzt: \u201eDie Sorgen der B\u00fcrgerinnen und B\u00fcrger vor Ort nehmen wir sehr ernst. Die CDU wird sich auch weiterhin f\u00fcr ein gutes Miteinander im Umfeld der Einrichtungen in Werden und Heidhausen einsetzen. Ebenso muss der soziale Friede im Umfeld der Fl\u00fcchtlingseinrichtungen gewahrt bleiben. Ich sage aber auch deutlich, dass Fl\u00fcchtlinge, die sich nicht an die Spielregeln halten auch entsprechend sanktioniert werden m\u00fcssen. Ich halte aber nichts davon, Fl\u00fcchtlinge von vorne herein zu unterstellen, sie h\u00e4tte nur b\u00f6se Absichten im Sinne und sie damit unter Generalverdacht zu stellen.\u201c<\/p>\n<p>Auch die SPD-Ratsfraktion sieht nicht, dass durch den Bau einer Fl\u00fcchtlingsunterkunft ein h\u00f6heres Sicherheitsrisiko f\u00fcr Kinder und Jugendliche entsteht. \u201eUnsere Erfahrungen zeigen bislang etwas anderes. Gleichwohl m\u00fcssen wir uns mit den neuen Herausforderungen auseinandersetzen. Die Fl\u00fcchtlinge m\u00fcssen so schnell wie m\u00f6glich sinnvolle Besch\u00e4ftigungs- und Bildungsangebote bekommen. Ein umfassendes Integrationskonzept, das auch Sicherheitsfragen ber\u00fccksichtigt, haben wir bereits im Dezember in Auftrag gegeben.\u201c, erkl\u00e4rt SPD-Ratsherr <strong>Karlheinz Endruschat<\/strong>, sozialpolitischer Sprecher. So k\u00f6nne auch den Bef\u00fcrchtungen der Essenerinnen und Essener begegnet werden.<\/p>\n<p>\u201eEs stellt ja niemand in Frage, dass Integrationsarbeit geleistet werden muss. Das haben wir als SPD in den vielen Gespr\u00e4chen mit den B\u00fcrgerinnen und B\u00fcrgern vor Ort auch immer betont\u201c, erg\u00e4nzt <strong>Daniel Behmenburg<\/strong>, Vorsitzender der SPD-Fraktion in der Bezirksvertretung IX. \u201eWenn man die vorbildliche Arbeit der vielen engagierten Menschen aus Werden, Heidhausen und Fischlaken &#8211; insbesondere unter dem Dach von \u201eWerden hilft\u201c &#8211; sieht, dann habe ich jedoch keine Bedenken, dass wir gemeinsam diese Aufgabe meistern werden. Hier ist jeder eingeladen, konstruktiv daran mitzuarbeiten.\u201c<\/p>\n","protected":false},"excerpt":{"rendered":"<p>In der aktuellen Diskussion zur Unterbringung von Fl\u00fcchtlingen haben die Fraktionen von SPD und CDU sich immer daf\u00fcr eingesetzt, dass die Standortfragen offen und transparent gef\u00fchrt und die B\u00fcrgerinnen und B\u00fcrger in unserer Stadt umfassend informiert werden. J\u00fcngst wurde Kritik an der Verteilung von Fl\u00fcchtlingen sowie der Standortfrage in Werden [&hellip;]<\/p>\n","protected":false},"author":1,"featured_media":0,"comment_status":"open","ping_status":"open","sticky":false,"template":"","format":"standard","meta":{"footnotes":""},"categories":[1],"tags":[],"class_list":["post-337","post","type-post","status-publish","format-standard","hentry","category-uncategorized"],"_links":{"self":[{"href":"https:\/\/daniel-behmenburg.de\/index.php?rest_route=\/wp\/v2\/posts\/337","targetHints":{"allow":["GET"]}}],"collection":[{"href":"https:\/\/daniel-behmenburg.de\/index.php?rest_route=\/wp\/v2\/posts"}],"about":[{"href":"https:\/\/daniel-behmenburg.de\/index.php?rest_route=\/wp\/v2\/types\/post"}],"author":[{"embeddable":true,"href":"https:\/\/daniel-behmenburg.de\/index.php?rest_route=\/wp\/v2\/users\/1"}],"replies":[{"embeddable":true,"href":"https:\/\/daniel-behmenburg.de\/index.php?rest_route=%2Fwp%2Fv2%2Fcomments&post=337"}],"version-history":[{"count":0,"href":"https:\/\/daniel-behmenburg.de\/index.php?rest_route=\/wp\/v2\/posts\/337\/revisions"}],"wp:attachment":[{"href":"https:\/\/daniel-behmenburg.de\/index.php?rest_route=%2Fwp%2Fv2%2Fmedia&parent=337"}],"wp:term":[{"taxonomy":"category","embeddable":true,"href":"https:\/\/daniel-behmenburg.de\/index.php?rest_route=%2Fwp%2Fv2%2Fcategories&post=337"},{"taxonomy":"post_tag","embeddable":true,"href":"https:\/\/daniel-behmenburg.de\/index.php?rest_route=%2Fwp%2Fv2%2Ftags&post=337"}],"curies":[{"name":"wp","href":"https:\/\/api.w.org\/{rel}","templated":true}]}}