{"id":33,"date":"2009-09-03T18:07:00","date_gmt":"2009-09-03T18:07:00","guid":{"rendered":"http:\/\/danielbehmenburg.wordpress.com\/2009\/09\/03\/spd-bei-den-burgern-gegen-fluglarm"},"modified":"2009-09-03T18:07:00","modified_gmt":"2009-09-03T18:07:00","slug":"spd-bei-den-burgern-gegen-fluglarm","status":"publish","type":"post","link":"https:\/\/daniel-behmenburg.de\/?p=33","title":{"rendered":"SPD bei den B\u00fcrgern gegen Flugl\u00e4rm"},"content":{"rendered":"<p><a href=\"http:\/\/danielbehmenburg.files.wordpress.com\/2009\/09\/dsc_9431kl.jpg\"><img decoding=\"async\" src=\"http:\/\/danielbehmenburg.files.wordpress.com\/2009\/09\/dsc_9431kl.jpg?w=300\" border=\"0\" alt=\"\" \/><\/a><\/p>\n<p class=\"MsoNormal\">Es war ein Versprechen an den Verein &#8222;B\u00fcrger gegen Flugl\u00e4rm&#8220;, gegeben am Rande der Podiumsdiskussion Ende Juni 2009, sich auf jeden Fall noch einmal zusammenzusetzen. Versprochen &#8211; gehalten: Nur drei Tage nach seiner Wahl traf sich der designierte Oberb\u00fcrgermeister Reinhard Pa\u00df gemeinsam mit dem Landtagsabgeordneten Peter Weckmann und dem Fraktionsvorsitzenden im Bezirk IX, Daniel Behmenburg, mit Kettwiger Vertretern des Vereins. \u00dcber die zuk\u00fcnftige Zusammenarbeit und den regelm\u00e4\u00dfigen Autausch wurde gesprochen. Es wird nicht das letzte Gespr\u00e4ch gewesen sein und beide Seiten freuen sich auf die weiter konstruktive und erfolgreiche Zusammenarbeit!<\/p>\n","protected":false},"excerpt":{"rendered":"<p>Es war ein Versprechen an den Verein &#8222;B\u00fcrger gegen Flugl\u00e4rm&#8220;, gegeben am Rande der Podiumsdiskussion Ende Juni 2009, sich auf jeden Fall noch einmal zusammenzusetzen. Versprochen &#8211; gehalten: Nur drei Tage nach seiner Wahl traf sich der designierte Oberb\u00fcrgermeister Reinhard Pa\u00df gemeinsam mit dem Landtagsabgeordneten Peter Weckmann und dem Fraktionsvorsitzenden [&hellip;]<\/p>\n","protected":false},"author":1,"featured_media":0,"comment_status":"open","ping_status":"open","sticky":false,"template":"","format":"standard","meta":{"footnotes":""},"categories":[1],"tags":[],"class_list":["post-33","post","type-post","status-publish","format-standard","hentry","category-uncategorized"],"_links":{"self":[{"href":"https:\/\/daniel-behmenburg.de\/index.php?rest_route=\/wp\/v2\/posts\/33","targetHints":{"allow":["GET"]}}],"collection":[{"href":"https:\/\/daniel-behmenburg.de\/index.php?rest_route=\/wp\/v2\/posts"}],"about":[{"href":"https:\/\/daniel-behmenburg.de\/index.php?rest_route=\/wp\/v2\/types\/post"}],"author":[{"embeddable":true,"href":"https:\/\/daniel-behmenburg.de\/index.php?rest_route=\/wp\/v2\/users\/1"}],"replies":[{"embeddable":true,"href":"https:\/\/daniel-behmenburg.de\/index.php?rest_route=%2Fwp%2Fv2%2Fcomments&post=33"}],"version-history":[{"count":0,"href":"https:\/\/daniel-behmenburg.de\/index.php?rest_route=\/wp\/v2\/posts\/33\/revisions"}],"wp:attachment":[{"href":"https:\/\/daniel-behmenburg.de\/index.php?rest_route=%2Fwp%2Fv2%2Fmedia&parent=33"}],"wp:term":[{"taxonomy":"category","embeddable":true,"href":"https:\/\/daniel-behmenburg.de\/index.php?rest_route=%2Fwp%2Fv2%2Fcategories&post=33"},{"taxonomy":"post_tag","embeddable":true,"href":"https:\/\/daniel-behmenburg.de\/index.php?rest_route=%2Fwp%2Fv2%2Ftags&post=33"}],"curies":[{"name":"wp","href":"https:\/\/api.w.org\/{rel}","templated":true}]}}