{"id":29,"date":"2009-08-19T13:00:00","date_gmt":"2009-08-19T13:00:00","guid":{"rendered":"http:\/\/danielbehmenburg.wordpress.com\/2009\/08\/19\/reinhard-pas-besucht-grune-harfe-in-heidhausen-klare-kante-wir-lehnen-eine-bebauung-ab"},"modified":"2009-08-19T13:00:00","modified_gmt":"2009-08-19T13:00:00","slug":"reinhard-pas-besucht-grune-harfe-in-heidhausen-klare-kante-wir-lehnen-eine-bebauung-ab","status":"publish","type":"post","link":"https:\/\/daniel-behmenburg.de\/?p=29","title":{"rendered":"Reinhard Pa\u00df besucht Gr\u00fcne Harfe in Heidhausen: Klare Kante &#8211; Wir lehnen eine Bebauung ab!"},"content":{"rendered":"<p><a href=\"http:\/\/danielbehmenburg.files.wordpress.com\/2009\/08\/20090819-reinhardpac39finwerden-0091.jpg\"><img decoding=\"async\" alt=\"\" src=\"http:\/\/danielbehmenburg.files.wordpress.com\/2009\/08\/20090819-reinhardpac39finwerden-0091.jpg?w=199\" border=\"0\" \/><\/a><br \/><a href=\"http:\/\/danielbehmenburg.files.wordpress.com\/2009\/08\/20090819-reinhardpac39finwerden-0061.jpg\"><img decoding=\"async\" alt=\"\" src=\"http:\/\/danielbehmenburg.files.wordpress.com\/2009\/08\/20090819-reinhardpac39finwerden-0061.jpg?w=300\" border=\"0\" \/><\/a><br \/><a href=\"http:\/\/danielbehmenburg.files.wordpress.com\/2009\/08\/20090819-reinhardpac39finwerden-0027.jpg\"><img decoding=\"async\" alt=\"\" src=\"http:\/\/danielbehmenburg.files.wordpress.com\/2009\/08\/20090819-reinhardpac39finwerden-0027.jpg?w=300\" border=\"0\" \/><\/a><br \/><a href=\"http:\/\/danielbehmenburg.files.wordpress.com\/2009\/08\/20090819-reinhardpac39finwerden-0065.jpg\"><img decoding=\"async\" alt=\"\" src=\"http:\/\/danielbehmenburg.files.wordpress.com\/2009\/08\/20090819-reinhardpac39finwerden-0065.jpg?w=300\" border=\"0\" \/><\/a><br \/><span class=\"Apple-style-span\" style=\"color:rgb(51,51,51);font-family:'lucida grande';font-size:11px;\"><\/p>\n<h3 class=\"UIIntentionalStory_Message\" style=\"font-weight:normal;color:rgb(51,51,51);margin:0;padding:0;\">\n<div class=\"text_exposed_root text_exposed\" id=\"id_4a8cf01dad56b1e52117507\" style=\"display:inline;\"><span class=\"Apple-style-span\" style=\"font-size:small;\"><b>Oberb\u00fcrgermeister Kandidat der SPD, Reinhard Pa\u00df, stellt sich vor Ort dem Gespr\u00e4ch mit den B\u00fcrgerinnen und B\u00fcrgern<\/b><\/p>\n<p>Mehr und mehr B\u00fcrger in Werden und Heidhausen machen sich Sorgen wegen der im Raum stehenden Bebauungspl\u00e4ne auf dem Areal der Gr\u00fcnen Har<\/span><span class=\"text_exposed_show\" style=\"display:inline;\"><span class=\"Apple-style-span\" style=\"font-size:small;\">fe. Grund genug f\u00fcr den SPD OB Kandidaten Reinhard Pa\u00df, sich gemeinsam mit dem \u00f6rtlichen Kandidaten f\u00fcr den Rat der Stadt Essen, Daniel Behmenburg, vor Ort ein Bild von der Lage zu machen und mit den Menschen ins Gespr\u00e4ch zu kommen! Hierbei machte er erneut die ablehnende Bedeutung der SPD in Essen zu allen Bebauungspl\u00e4nen an der Gr\u00fcnen Harfe deutlich und erkl\u00e4rte sich solidarisch mit den Menschen vor Ort.<\/p>\n<p>Neben interessierten B\u00fcrgerinnen und B\u00fcrgern nutzten unter anderem der Vorsitzende der B\u00fcrgerinitiative Werden\/Heidhausen &#8222;Rettet die Gr\u00fcnfl\u00e4chen&#8220;, Ludger Hicking, Frau Reich-P\u00fcttmann vom Heimat- und B\u00fcrgerverein und Daniel Henschke vom SC Werden-Heidhausen die Gelegenheit mit Reinhard Pa\u00df ins Gespr\u00e4ch zu kommen.<\/p>\n<p>Nat\u00fcrlich nutzte er im Anschluss noch die Gelegenheit f\u00fcr einen kurzen Gang durch die Werdener Altstadt.<\/span><\/span><\/div>\n<\/h3>\n<p><\/span><\/p>\n","protected":false},"excerpt":{"rendered":"<p>Oberb\u00fcrgermeister Kandidat der SPD, Reinhard Pa\u00df, stellt sich vor Ort dem Gespr\u00e4ch mit den B\u00fcrgerinnen und B\u00fcrgern Mehr und mehr B\u00fcrger in Werden und Heidhausen machen sich Sorgen wegen der im Raum stehenden Bebauungspl\u00e4ne auf dem Areal der Gr\u00fcnen Harfe. Grund genug f\u00fcr den SPD OB Kandidaten Reinhard Pa\u00df, sich [&hellip;]<\/p>\n","protected":false},"author":1,"featured_media":0,"comment_status":"open","ping_status":"open","sticky":false,"template":"","format":"standard","meta":{"footnotes":""},"categories":[1],"tags":[],"class_list":["post-29","post","type-post","status-publish","format-standard","hentry","category-uncategorized"],"_links":{"self":[{"href":"https:\/\/daniel-behmenburg.de\/index.php?rest_route=\/wp\/v2\/posts\/29","targetHints":{"allow":["GET"]}}],"collection":[{"href":"https:\/\/daniel-behmenburg.de\/index.php?rest_route=\/wp\/v2\/posts"}],"about":[{"href":"https:\/\/daniel-behmenburg.de\/index.php?rest_route=\/wp\/v2\/types\/post"}],"author":[{"embeddable":true,"href":"https:\/\/daniel-behmenburg.de\/index.php?rest_route=\/wp\/v2\/users\/1"}],"replies":[{"embeddable":true,"href":"https:\/\/daniel-behmenburg.de\/index.php?rest_route=%2Fwp%2Fv2%2Fcomments&post=29"}],"version-history":[{"count":0,"href":"https:\/\/daniel-behmenburg.de\/index.php?rest_route=\/wp\/v2\/posts\/29\/revisions"}],"wp:attachment":[{"href":"https:\/\/daniel-behmenburg.de\/index.php?rest_route=%2Fwp%2Fv2%2Fmedia&parent=29"}],"wp:term":[{"taxonomy":"category","embeddable":true,"href":"https:\/\/daniel-behmenburg.de\/index.php?rest_route=%2Fwp%2Fv2%2Fcategories&post=29"},{"taxonomy":"post_tag","embeddable":true,"href":"https:\/\/daniel-behmenburg.de\/index.php?rest_route=%2Fwp%2Fv2%2Ftags&post=29"}],"curies":[{"name":"wp","href":"https:\/\/api.w.org\/{rel}","templated":true}]}}