{"id":28,"date":"2009-08-18T21:00:00","date_gmt":"2009-08-18T21:00:00","guid":{"rendered":"http:\/\/danielbehmenburg.wordpress.com\/2009\/08\/18\/ratskandidat-der-spd-stellt-klar-mit-mir-keine-bebauung-an-der-grunen-harfe"},"modified":"2009-08-18T21:00:00","modified_gmt":"2009-08-18T21:00:00","slug":"ratskandidat-der-spd-stellt-klar-mit-mir-keine-bebauung-an-der-grunen-harfe","status":"publish","type":"post","link":"https:\/\/daniel-behmenburg.de\/?p=28","title":{"rendered":"Ratskandidat der SPD stellt klar: &#8222;Mit mir keine Bebauung an der Gr\u00fcnen Harfe!&#8220;"},"content":{"rendered":"<p><a href=\"http:\/\/danielbehmenburg.files.wordpress.com\/2009\/08\/dsc_3306.jpg\"><img decoding=\"async\" src=\"http:\/\/danielbehmenburg.files.wordpress.com\/2009\/08\/dsc_3306.jpg?w=300\" border=\"0\" alt=\"\" \/><\/a><\/p>\n<div>Heute fand die Podiumsdiskussion der B\u00fcrgerinititative Werden\/ Heidhausen statt. Mit auf dem Podium auch der Ratskandidat der SPD.  Er unterstrich die ablehnende Haltung der SPD zu den Bebauungspl\u00e4nen an der Gr\u00fcnen Harfe wie auch am Schmachtenberg. Klare Kante bewies Daniel Behmenburg und stellte unmissverst\u00e4ndlich klar:<\/div>\n<div><\/div>\n<ul>\n<li><b>Mit meiner Stimme wird es keine Bebauung der Gr\u00fcnen Harfe geben!<\/b><\/li>\n<li><b>Ich werde wie auch in der Vergangenheit erfolgreich praktiziert f\u00fcr Mehrheiten in der SPD-Ratsfraktion f\u00fcr den Schutz unserer Gr\u00fcnfl\u00e4chen werben!<\/b><\/li>\n<li><b>Ich werde versuchen, mit allen mir politisch zur Verf\u00fcgung stehenden Mittel jegliche Bebauungspl\u00e4ne zu verhindern!<\/b><\/li>\n<\/ul>\n<div>Dar\u00fcber hinaus und auch losgel\u00f6st von der Problematik muss das Thema krankmachender L\u00e4rm und Feinstaub angegangen werden. Hierzu ist fraktions\u00fcbergreifendes Handeln auf allen Ebenen gefordert. Hier werde ich mich weiter einsetzen und w\u00fcrde mich \u00fcber weitere &#8222;Gleichgesinnte&#8220; freuen. Fernab der Parteigrenzen macht es nach meiner Meinung Sinn, hier ein Netzwerk zu gr\u00fcnden. Interessierte k\u00f6nnen sich gerne melden.<\/div>\n<div><\/div>\n<div><b>Zu diesen Worten stehe ich &#8211; heute, morgen, nach der Wahl und auch noch in f\u00fcnf Jahren.<\/b><\/div>\n<div><\/div>\n<div>Ihr Daniel Behmenburg<\/div>\n<div>Ratskandidat f\u00fcr Werden und Heidhausen<\/div>\n","protected":false},"excerpt":{"rendered":"<p>Heute fand die Podiumsdiskussion der B\u00fcrgerinititative Werden\/ Heidhausen statt. Mit auf dem Podium auch der Ratskandidat der SPD. Er unterstrich die ablehnende Haltung der SPD zu den Bebauungspl\u00e4nen an der Gr\u00fcnen Harfe wie auch am Schmachtenberg. Klare Kante bewies Daniel Behmenburg und stellte unmissverst\u00e4ndlich klar: Mit meiner Stimme wird es [&hellip;]<\/p>\n","protected":false},"author":1,"featured_media":0,"comment_status":"open","ping_status":"open","sticky":false,"template":"","format":"standard","meta":{"footnotes":""},"categories":[33],"tags":[],"class_list":["post-28","post","type-post","status-publish","format-standard","hentry","category-werden-heidhausen"],"_links":{"self":[{"href":"https:\/\/daniel-behmenburg.de\/index.php?rest_route=\/wp\/v2\/posts\/28","targetHints":{"allow":["GET"]}}],"collection":[{"href":"https:\/\/daniel-behmenburg.de\/index.php?rest_route=\/wp\/v2\/posts"}],"about":[{"href":"https:\/\/daniel-behmenburg.de\/index.php?rest_route=\/wp\/v2\/types\/post"}],"author":[{"embeddable":true,"href":"https:\/\/daniel-behmenburg.de\/index.php?rest_route=\/wp\/v2\/users\/1"}],"replies":[{"embeddable":true,"href":"https:\/\/daniel-behmenburg.de\/index.php?rest_route=%2Fwp%2Fv2%2Fcomments&post=28"}],"version-history":[{"count":0,"href":"https:\/\/daniel-behmenburg.de\/index.php?rest_route=\/wp\/v2\/posts\/28\/revisions"}],"wp:attachment":[{"href":"https:\/\/daniel-behmenburg.de\/index.php?rest_route=%2Fwp%2Fv2%2Fmedia&parent=28"}],"wp:term":[{"taxonomy":"category","embeddable":true,"href":"https:\/\/daniel-behmenburg.de\/index.php?rest_route=%2Fwp%2Fv2%2Fcategories&post=28"},{"taxonomy":"post_tag","embeddable":true,"href":"https:\/\/daniel-behmenburg.de\/index.php?rest_route=%2Fwp%2Fv2%2Ftags&post=28"}],"curies":[{"name":"wp","href":"https:\/\/api.w.org\/{rel}","templated":true}]}}