{"id":272,"date":"2016-01-24T14:52:45","date_gmt":"2016-01-24T14:52:45","guid":{"rendered":"https:\/\/danielbehmenburg.wordpress.com\/?p=272"},"modified":"2016-01-24T14:52:45","modified_gmt":"2016-01-24T14:52:45","slug":"spd-ortsvereins-und-arbeitsgemeinschaftsvorsitzende-genossen-das-geht-so-nicht","status":"publish","type":"post","link":"https:\/\/daniel-behmenburg.de\/?p=272","title":{"rendered":"SPD-Ortsvereins- und Arbeitsgemeinschaftsvorsitzende: &#8222;Genossen, das geht so nicht!&#8220;"},"content":{"rendered":"<div>Deutlich auf Distanz zu ihren Genossen, die zu einer Demonstration am kommenden Dienstag aufgerufen hatten, gehen die Vorsitzenden der Essener SPD-Ortsvereine Burgaltendorf, Holsterhausen, Huttrop\/S\u00fcdostviertel, Kray, Mitte, R\u00fcttenscheid, Steele, \u00dcberruhr und Werden\/Bredeney sowie der Essener SPD-Arbeitsgemeinschaften AsF, ASJ MEO, JUSOS und Migration &amp; Vielfalt: &#8222;Wir kritisieren, dass sich SPD-Gliederungen rechtsextremer W\u00f6rter und Symbolik bedienen und fordern die Genossen in Altenessen, Karnap und Vogelheim auf, sensibler mit der aktuellen Fl\u00fcchtlings- und Unterbringungsdiskussion umzugehen. Genossen, das geht so nicht! Daran \u00e4ndert auch die nun erfolgte Absage der Demonstration nichts. Dass NPD und AFD den gescheiterten Demoaufruf unterst\u00fctzt haben, sollte jedem Sozialdemokraten zu Denken geben.\u201c<\/div>\n<div><\/div>\n<div>\u00a0&#8222;Sowohl Wortwahl als auch Vorgehen der drei Ortsvereine f\u00fchren zu einer unn\u00f6tigen, weiteren Emotionalisierung einer Diskussion, die wir sachlich f\u00fchren m\u00fcssen, um den sozialen Zusammenhalt in unserer Stadt nicht zu gef\u00e4hrden. Wir erwarten, dass auch die Ortsvereine in Altenessen, Vogelheim und Karnap sich aktiv und konstruktiv an diesem Prozess beteiligen und zur politischen Auseinandersetzung \u00fcber die Fl\u00fcchtlingsunterbringung zur\u00fcckkehren. Das aktuelle Vorgehen unserer Genossen spielt nur jenen in die H\u00e4nde, die den sozialen Zusammenhalt und den solidarischen Umgang in unserer Stadt vergiften wollen. Anstatt fahrl\u00e4ssiger Symbolpolitik brauchen wir eine inhaltliche Auseinandersetzung \u00fcber eine sozial ausgewogene und menschenw\u00fcrdige Unterbringung von Fl\u00fcchtlingen&#8220;, so die einhellige Meinung der SPD-Ortsvereins- und Arbeitsgemeinschaftsvorsitzenden.<\/div>\n","protected":false},"excerpt":{"rendered":"<p>Deutlich auf Distanz zu ihren Genossen, die zu einer Demonstration am kommenden Dienstag aufgerufen hatten, gehen die Vorsitzenden der Essener SPD-Ortsvereine Burgaltendorf, Holsterhausen, Huttrop\/S\u00fcdostviertel, Kray, Mitte, R\u00fcttenscheid, Steele, \u00dcberruhr und Werden\/Bredeney sowie der Essener SPD-Arbeitsgemeinschaften AsF, ASJ MEO, JUSOS und Migration &amp; Vielfalt: &#8222;Wir kritisieren, dass sich SPD-Gliederungen rechtsextremer W\u00f6rter [&hellip;]<\/p>\n","protected":false},"author":1,"featured_media":0,"comment_status":"open","ping_status":"open","sticky":false,"template":"","format":"standard","meta":{"footnotes":""},"categories":[1],"tags":[],"class_list":["post-272","post","type-post","status-publish","format-standard","hentry","category-uncategorized"],"_links":{"self":[{"href":"https:\/\/daniel-behmenburg.de\/index.php?rest_route=\/wp\/v2\/posts\/272","targetHints":{"allow":["GET"]}}],"collection":[{"href":"https:\/\/daniel-behmenburg.de\/index.php?rest_route=\/wp\/v2\/posts"}],"about":[{"href":"https:\/\/daniel-behmenburg.de\/index.php?rest_route=\/wp\/v2\/types\/post"}],"author":[{"embeddable":true,"href":"https:\/\/daniel-behmenburg.de\/index.php?rest_route=\/wp\/v2\/users\/1"}],"replies":[{"embeddable":true,"href":"https:\/\/daniel-behmenburg.de\/index.php?rest_route=%2Fwp%2Fv2%2Fcomments&post=272"}],"version-history":[{"count":0,"href":"https:\/\/daniel-behmenburg.de\/index.php?rest_route=\/wp\/v2\/posts\/272\/revisions"}],"wp:attachment":[{"href":"https:\/\/daniel-behmenburg.de\/index.php?rest_route=%2Fwp%2Fv2%2Fmedia&parent=272"}],"wp:term":[{"taxonomy":"category","embeddable":true,"href":"https:\/\/daniel-behmenburg.de\/index.php?rest_route=%2Fwp%2Fv2%2Fcategories&post=272"},{"taxonomy":"post_tag","embeddable":true,"href":"https:\/\/daniel-behmenburg.de\/index.php?rest_route=%2Fwp%2Fv2%2Ftags&post=272"}],"curies":[{"name":"wp","href":"https:\/\/api.w.org\/{rel}","templated":true}]}}