{"id":27,"date":"2009-07-19T17:00:00","date_gmt":"2009-07-19T17:00:00","guid":{"rendered":"http:\/\/danielbehmenburg.wordpress.com\/2009\/07\/19\/daniel-behmenburg-beim-fest-der-fischlaker-schutzen"},"modified":"2009-07-19T17:00:00","modified_gmt":"2009-07-19T17:00:00","slug":"daniel-behmenburg-beim-fest-der-fischlaker-schutzen","status":"publish","type":"post","link":"https:\/\/daniel-behmenburg.de\/?p=27","title":{"rendered":"Daniel Behmenburg beim Fest der Fischlaker Sch\u00fctzen"},"content":{"rendered":"<p><a href=\"http:\/\/danielbehmenburg.files.wordpress.com\/2009\/07\/dsc_7252.jpg\"><img decoding=\"async\" src=\"http:\/\/danielbehmenburg.files.wordpress.com\/2009\/07\/dsc_7252.jpg?w=300\" border=\"0\" alt=\"\" \/><\/a><br \/><a href=\"http:\/\/danielbehmenburg.files.wordpress.com\/2009\/07\/dsc_7246.jpg\"><img decoding=\"async\" src=\"http:\/\/danielbehmenburg.files.wordpress.com\/2009\/07\/dsc_7246.jpg?w=300\" border=\"0\" alt=\"\" \/><\/a><\/p>\n<div><\/div>\n<div><\/div>\n<div><\/div>\n<div><\/div>\n<div><\/div>\n<div><\/div>\n<div><\/div>\n<div><\/div>\n<div><\/div>\n<div><\/div>\n<div>Gemeinsam mit der Bundestagsabgeordneten f\u00fcr den Essener S\u00fcden, Petra Hinz, und Mitgliedern der SPD Werden verbrachte der SPD-Fraktionsvorsitzende im Stadtbezirk IX und Ratskandidat f\u00fcr Werden und Heidhausen den Sonntag bei den Fischlaker Sch\u00fctzen.<\/p>\n<div><\/div>\n<div>Es war das erste Sch\u00fctzenfest des 2007 gegr\u00fcndeten Vereins, aber es lie\u00df nichts zu w\u00fcnschen \u00fcbrig. Die Sch\u00fctzen des BSV &#8222;Gut Schuss&#8220; Essen-Fischlaken 07 e.V. erwiesen sich als gute Gastgeber, sodass man gar nicht merkte wie die Zeit verging. Auch der anschlie\u00dfende Zug durch Fischlaken wurde mit gutem Wetter belohnt.<\/div>\n<div><\/div>\n<div>Fazit: Ein sch\u00f6ner und erlebnisreicher Sonntag, viele interessante und nette Gespr\u00e4che mit den Menschen vor Ort. Sp\u00e4testens im n\u00e4chsten Jahr wird es bestimmt ein Wiedersehen geben!<\/div>\n<div><\/div>\n<div>Link: <a href=\"http:\/\/www.bsv-gutschuss.de\/\">www.bsv-gutschuss.de<\/a><\/div>\n<\/div>\n","protected":false},"excerpt":{"rendered":"<p>Gemeinsam mit der Bundestagsabgeordneten f\u00fcr den Essener S\u00fcden, Petra Hinz, und Mitgliedern der SPD Werden verbrachte der SPD-Fraktionsvorsitzende im Stadtbezirk IX und Ratskandidat f\u00fcr Werden und Heidhausen den Sonntag bei den Fischlaker Sch\u00fctzen. Es war das erste Sch\u00fctzenfest des 2007 gegr\u00fcndeten Vereins, aber es lie\u00df nichts zu w\u00fcnschen \u00fcbrig. Die [&hellip;]<\/p>\n","protected":false},"author":1,"featured_media":0,"comment_status":"open","ping_status":"open","sticky":false,"template":"","format":"standard","meta":{"footnotes":""},"categories":[1],"tags":[],"class_list":["post-27","post","type-post","status-publish","format-standard","hentry","category-uncategorized"],"_links":{"self":[{"href":"https:\/\/daniel-behmenburg.de\/index.php?rest_route=\/wp\/v2\/posts\/27","targetHints":{"allow":["GET"]}}],"collection":[{"href":"https:\/\/daniel-behmenburg.de\/index.php?rest_route=\/wp\/v2\/posts"}],"about":[{"href":"https:\/\/daniel-behmenburg.de\/index.php?rest_route=\/wp\/v2\/types\/post"}],"author":[{"embeddable":true,"href":"https:\/\/daniel-behmenburg.de\/index.php?rest_route=\/wp\/v2\/users\/1"}],"replies":[{"embeddable":true,"href":"https:\/\/daniel-behmenburg.de\/index.php?rest_route=%2Fwp%2Fv2%2Fcomments&post=27"}],"version-history":[{"count":0,"href":"https:\/\/daniel-behmenburg.de\/index.php?rest_route=\/wp\/v2\/posts\/27\/revisions"}],"wp:attachment":[{"href":"https:\/\/daniel-behmenburg.de\/index.php?rest_route=%2Fwp%2Fv2%2Fmedia&parent=27"}],"wp:term":[{"taxonomy":"category","embeddable":true,"href":"https:\/\/daniel-behmenburg.de\/index.php?rest_route=%2Fwp%2Fv2%2Fcategories&post=27"},{"taxonomy":"post_tag","embeddable":true,"href":"https:\/\/daniel-behmenburg.de\/index.php?rest_route=%2Fwp%2Fv2%2Ftags&post=27"}],"curies":[{"name":"wp","href":"https:\/\/api.w.org\/{rel}","templated":true}]}}