{"id":264,"date":"2014-09-09T13:14:02","date_gmt":"2014-09-09T13:14:02","guid":{"rendered":"http:\/\/danielbehmenburg.wordpress.com\/?p=264"},"modified":"2014-09-09T13:14:02","modified_gmt":"2014-09-09T13:14:02","slug":"spd-fraktionsvorsitzende-in-den-stadtbezirken-wahlen-daniel-behmenburg-zum-neuen-sprecher","status":"publish","type":"post","link":"https:\/\/daniel-behmenburg.de\/?p=264","title":{"rendered":"SPD-Fraktionsvorsitzende in den Stadtbezirken w\u00e4hlen Daniel Behmenburg zum neuen Sprecher"},"content":{"rendered":"<p>Inhaltliche Akzente insbesondere beim Budget der Bezirksvertretungen und bei den Bezirksb\u00fcrger\u00e4mtern<\/p>\n<p>In ihrer gestrigen konstituierenden Sitzung haben die SPD-Fraktionsvorsitzenden der Essener Bezirksvertretungen einstimmig Daniel Behmenburg zum neuen Sprecher gew\u00e4hlt. Er ist Vorsitzender der SPD-Fraktion in der Bezirksvertretung IX.<\/p>\n<p>Zu Behmenburgs Stellvertreter wurde ebenfalls einstimmig Peter Lankes aus der Bezirksvertretung II gew\u00e4hlt. Peter Lankes war zehn Jahre lang Sprecher der Fraktionsvorsitzenden und trat nun auf eigenen Wunsch nicht mehr an. F\u00fcr seinen langj\u00e4hrigen engagierten und unerm\u00fcdlichen Einsatz bedankten sich die Anwesenden herzlich.<\/p>\n<p>Inhaltlich wollen die SPD-Politiker auch weiterhin die Rolle der Bezirksvertretungen st\u00e4rken und insbesondere bei den wichtigen st\u00e4dtischen Themen fr\u00fchzeitig mitreden und beteiligt werden. Als konkrete Inhalte wurden in der Sitzung die Themen \u201eZukunft der Bezirksb\u00fcrger\u00e4mter\u201c sowie \u201eMittel der Bezirksvertretungen\u201c diskutiert. Mit den Ergebnissen werden die Bezirksvertreter nun auf die Ratsfraktion zugehen.<\/p>\n","protected":false},"excerpt":{"rendered":"<p>Inhaltliche Akzente insbesondere beim Budget der Bezirksvertretungen und bei den Bezirksb\u00fcrger\u00e4mtern In ihrer gestrigen konstituierenden Sitzung haben die SPD-Fraktionsvorsitzenden der Essener Bezirksvertretungen einstimmig Daniel Behmenburg zum neuen Sprecher gew\u00e4hlt. Er ist Vorsitzender der SPD-Fraktion in der Bezirksvertretung IX. Zu Behmenburgs Stellvertreter wurde ebenfalls einstimmig Peter Lankes aus der Bezirksvertretung II [&hellip;]<\/p>\n","protected":false},"author":1,"featured_media":0,"comment_status":"open","ping_status":"open","sticky":false,"template":"","format":"standard","meta":{"footnotes":""},"categories":[1],"tags":[],"class_list":["post-264","post","type-post","status-publish","format-standard","hentry","category-uncategorized"],"_links":{"self":[{"href":"https:\/\/daniel-behmenburg.de\/index.php?rest_route=\/wp\/v2\/posts\/264","targetHints":{"allow":["GET"]}}],"collection":[{"href":"https:\/\/daniel-behmenburg.de\/index.php?rest_route=\/wp\/v2\/posts"}],"about":[{"href":"https:\/\/daniel-behmenburg.de\/index.php?rest_route=\/wp\/v2\/types\/post"}],"author":[{"embeddable":true,"href":"https:\/\/daniel-behmenburg.de\/index.php?rest_route=\/wp\/v2\/users\/1"}],"replies":[{"embeddable":true,"href":"https:\/\/daniel-behmenburg.de\/index.php?rest_route=%2Fwp%2Fv2%2Fcomments&post=264"}],"version-history":[{"count":0,"href":"https:\/\/daniel-behmenburg.de\/index.php?rest_route=\/wp\/v2\/posts\/264\/revisions"}],"wp:attachment":[{"href":"https:\/\/daniel-behmenburg.de\/index.php?rest_route=%2Fwp%2Fv2%2Fmedia&parent=264"}],"wp:term":[{"taxonomy":"category","embeddable":true,"href":"https:\/\/daniel-behmenburg.de\/index.php?rest_route=%2Fwp%2Fv2%2Fcategories&post=264"},{"taxonomy":"post_tag","embeddable":true,"href":"https:\/\/daniel-behmenburg.de\/index.php?rest_route=%2Fwp%2Fv2%2Ftags&post=264"}],"curies":[{"name":"wp","href":"https:\/\/api.w.org\/{rel}","templated":true}]}}