{"id":25,"date":"2009-04-12T12:34:00","date_gmt":"2009-04-12T12:34:00","guid":{"rendered":"http:\/\/danielbehmenburg.wordpress.com\/2009\/04\/12\/tolle-stimmung-am-ostersamstag-in-werden"},"modified":"2009-04-12T12:34:00","modified_gmt":"2009-04-12T12:34:00","slug":"tolle-stimmung-am-ostersamstag-in-werden","status":"publish","type":"post","link":"https:\/\/daniel-behmenburg.de\/?p=25","title":{"rendered":"Tolle Stimmung am Ostersamstag in Werden"},"content":{"rendered":"<p>Erfreulich war der gute\u00a0Zuspruch\u00a0beim\u00a0traditionellen\u00a0Osterstand\u00a0der\u00a0SPD\u00a0auf\u00a0dem\u00a0Rathaus\u00a0Platz\u00a0in Essen-Werden. Zusammen mit dem Ratskandidaten f\u00fcr Werden Heidhausen und die Bezirksvertretung IX Daniel Behmenburg standen hier auch die anderen Werdener Kandidaten f\u00fcr das Bezirksparlament Reinhold Schulzki, Ute K\u00f6nig und Erasmus Wabbel den B\u00fcrgerinnen und B\u00fcrgern Rede und Antwort.<\/p>\n<div><\/div>\n<div>Die allseits zu sp\u00fcrende Wechselstimmung f\u00fcr das Essener Rathaus und den Bezirk IX stimmt die Sozialdemokraten vor Ort hoffnungsvoll f\u00fcr die bevorstehende Kommunalwahl. Wem \u00fcbrigens der Schuh dr\u00fcckt, aber an Ostern keine Zeit f\u00fcr ein Gespr\u00e4ch hatte, ist herzlich zur n\u00e4chsten B\u00fcrgersprechstunde der SPD-Bezirksvertreter eingeladen. Der\u00a0Termin mit dem genauen Ort wird hier in K\u00fcrze bekannt gegeben.<\/div>\n<div><img decoding=\"async\" src=\"http:\/\/2.bp.blogspot.com\/_rUB_Fwl7-do\/SeHgS59j6rI\/AAAAAAAAGr8\/MwthAJpZyv4\/s320\/DSC_3453.JPG\" border=\"0\" alt=\"\" \/><img decoding=\"async\" src=\"http:\/\/www.blogger.com\/img\/blank.gif\" alt=\"Linksb\u00fcndig\" border=\"0\" class=\"gl_align_left\" \/><img decoding=\"async\" src=\"http:\/\/1.bp.blogspot.com\/_rUB_Fwl7-do\/SeHgTk3f3rI\/AAAAAAAAGsE\/33ElPWMaEW8\/s320\/DSC_3475.JPG\" border=\"0\" alt=\"\" \/><img decoding=\"async\" src=\"http:\/\/3.bp.blogspot.com\/_rUB_Fwl7-do\/SeHgT-womgI\/AAAAAAAAGsM\/QP3AdfO0nKA\/s320\/DSC_3480.JPG\" border=\"0\" alt=\"\" \/><\/div>\n","protected":false},"excerpt":{"rendered":"<p>Erfreulich war der gute\u00a0Zuspruch\u00a0beim\u00a0traditionellen\u00a0Osterstand\u00a0der\u00a0SPD\u00a0auf\u00a0dem\u00a0Rathaus\u00a0Platz\u00a0in Essen-Werden. Zusammen mit dem Ratskandidaten f\u00fcr Werden Heidhausen und die Bezirksvertretung IX Daniel Behmenburg standen hier auch die anderen Werdener Kandidaten f\u00fcr das Bezirksparlament Reinhold Schulzki, Ute K\u00f6nig und Erasmus Wabbel den B\u00fcrgerinnen und B\u00fcrgern Rede und Antwort. Die allseits zu sp\u00fcrende Wechselstimmung f\u00fcr das Essener [&hellip;]<\/p>\n","protected":false},"author":1,"featured_media":0,"comment_status":"open","ping_status":"open","sticky":false,"template":"","format":"standard","meta":{"footnotes":""},"categories":[1],"tags":[],"class_list":["post-25","post","type-post","status-publish","format-standard","hentry","category-uncategorized"],"_links":{"self":[{"href":"https:\/\/daniel-behmenburg.de\/index.php?rest_route=\/wp\/v2\/posts\/25","targetHints":{"allow":["GET"]}}],"collection":[{"href":"https:\/\/daniel-behmenburg.de\/index.php?rest_route=\/wp\/v2\/posts"}],"about":[{"href":"https:\/\/daniel-behmenburg.de\/index.php?rest_route=\/wp\/v2\/types\/post"}],"author":[{"embeddable":true,"href":"https:\/\/daniel-behmenburg.de\/index.php?rest_route=\/wp\/v2\/users\/1"}],"replies":[{"embeddable":true,"href":"https:\/\/daniel-behmenburg.de\/index.php?rest_route=%2Fwp%2Fv2%2Fcomments&post=25"}],"version-history":[{"count":0,"href":"https:\/\/daniel-behmenburg.de\/index.php?rest_route=\/wp\/v2\/posts\/25\/revisions"}],"wp:attachment":[{"href":"https:\/\/daniel-behmenburg.de\/index.php?rest_route=%2Fwp%2Fv2%2Fmedia&parent=25"}],"wp:term":[{"taxonomy":"category","embeddable":true,"href":"https:\/\/daniel-behmenburg.de\/index.php?rest_route=%2Fwp%2Fv2%2Fcategories&post=25"},{"taxonomy":"post_tag","embeddable":true,"href":"https:\/\/daniel-behmenburg.de\/index.php?rest_route=%2Fwp%2Fv2%2Ftags&post=25"}],"curies":[{"name":"wp","href":"https:\/\/api.w.org\/{rel}","templated":true}]}}