{"id":24,"date":"2009-02-16T11:00:00","date_gmt":"2009-02-16T11:00:00","guid":{"rendered":"http:\/\/danielbehmenburg.wordpress.com\/2009\/02\/16\/appell-an-cdu-im-bezirk-ix-nichtoffentlichkeit-uberdenken"},"modified":"2009-02-16T11:00:00","modified_gmt":"2009-02-16T11:00:00","slug":"appell-an-cdu-im-bezirk-ix-nichtoffentlichkeit-uberdenken","status":"publish","type":"post","link":"https:\/\/daniel-behmenburg.de\/?p=24","title":{"rendered":"Appell an CDU im Bezirk IX: Nicht\u00f6ffentlichkeit \u00fcberdenken"},"content":{"rendered":"<p class=\"MsoNormal\"><span class=\"Apple-style-span\" style=\"font-family:'SPD 2002 TheSans';\">Die vielen vern\u00fcnftigen Hinweise der letzten Tage aus der Bev\u00f6lkerung in der lokalen Presse bez\u00fcglich der Verkehrsf\u00fchrung w\u00e4hrend der Kanalbauma\u00dfnahme<span>\u00a0 <\/span>in Essen-Werden geben der SPD-Fraktion im Bezirk IX Anlass an die CDU zu appellieren, einer \u00d6ffnung des Arbeitskreises Kanalbau zumindest f\u00fcr die lokalen Medien doch noch zuzustimmen.<\/span><\/p>\n<p class=\"MsoNormal\"><span style=\"font-family:&quot;\">Dazu der Fraktionsvorsitzende der SPD im Stadtbezirk IX und Direktkandidat f\u00fcr den Rat der Stadt Essen f\u00fcr die Stadtteile Werden und Heidhausen, Daniel Behmenburg: \u201eDie vielen Hinweise, die konzentriert an die Medien gesendet wurden, beweisen, dass die Redakteure eine lohnende Bereicherung f\u00fcr unseren Arbeitskreis w\u00e4ren. Besonders nun, wo die Baustelle immer weiter in die Innenstadt hereinreicht und die Belastungen gr\u00f6\u00dfer werden. Hier wird fahrl\u00e4ssig eine wichtige Schnittstelle zu den betroffenen B\u00fcrgerinnen und B\u00fcrgern au\u00dfen vor gelassen.\u201c<\/span><\/p>\n","protected":false},"excerpt":{"rendered":"<p>Die vielen vern\u00fcnftigen Hinweise der letzten Tage aus der Bev\u00f6lkerung in der lokalen Presse bez\u00fcglich der Verkehrsf\u00fchrung w\u00e4hrend der Kanalbauma\u00dfnahme\u00a0 in Essen-Werden geben der SPD-Fraktion im Bezirk IX Anlass an die CDU zu appellieren, einer \u00d6ffnung des Arbeitskreises Kanalbau zumindest f\u00fcr die lokalen Medien doch noch zuzustimmen. Dazu der Fraktionsvorsitzende [&hellip;]<\/p>\n","protected":false},"author":1,"featured_media":0,"comment_status":"open","ping_status":"open","sticky":false,"template":"","format":"standard","meta":{"footnotes":""},"categories":[1],"tags":[],"class_list":["post-24","post","type-post","status-publish","format-standard","hentry","category-uncategorized"],"_links":{"self":[{"href":"https:\/\/daniel-behmenburg.de\/index.php?rest_route=\/wp\/v2\/posts\/24","targetHints":{"allow":["GET"]}}],"collection":[{"href":"https:\/\/daniel-behmenburg.de\/index.php?rest_route=\/wp\/v2\/posts"}],"about":[{"href":"https:\/\/daniel-behmenburg.de\/index.php?rest_route=\/wp\/v2\/types\/post"}],"author":[{"embeddable":true,"href":"https:\/\/daniel-behmenburg.de\/index.php?rest_route=\/wp\/v2\/users\/1"}],"replies":[{"embeddable":true,"href":"https:\/\/daniel-behmenburg.de\/index.php?rest_route=%2Fwp%2Fv2%2Fcomments&post=24"}],"version-history":[{"count":0,"href":"https:\/\/daniel-behmenburg.de\/index.php?rest_route=\/wp\/v2\/posts\/24\/revisions"}],"wp:attachment":[{"href":"https:\/\/daniel-behmenburg.de\/index.php?rest_route=%2Fwp%2Fv2%2Fmedia&parent=24"}],"wp:term":[{"taxonomy":"category","embeddable":true,"href":"https:\/\/daniel-behmenburg.de\/index.php?rest_route=%2Fwp%2Fv2%2Fcategories&post=24"},{"taxonomy":"post_tag","embeddable":true,"href":"https:\/\/daniel-behmenburg.de\/index.php?rest_route=%2Fwp%2Fv2%2Ftags&post=24"}],"curies":[{"name":"wp","href":"https:\/\/api.w.org\/{rel}","templated":true}]}}