{"id":23,"date":"2009-02-14T11:00:00","date_gmt":"2009-02-14T11:00:00","guid":{"rendered":"http:\/\/danielbehmenburg.wordpress.com\/2009\/02\/14\/erneute-posse-um-den-larmbeirat"},"modified":"2009-02-14T11:00:00","modified_gmt":"2009-02-14T11:00:00","slug":"erneute-posse-um-den-larmbeirat","status":"publish","type":"post","link":"https:\/\/daniel-behmenburg.de\/?p=23","title":{"rendered":"Erneute Posse um den L\u00e4rmbeirat"},"content":{"rendered":"<p class=\"MsoNormal\"><span class=\"Apple-style-span\" style=\"font-family:'SPD 2002 TheSans';\">Irritiert hat die SPD-Fraktion in der Bezirksvertretung IX auf die Ank\u00fcndigung reagiert, dass der L\u00e4rmbeirat der Stadt Essen nicht\u00f6ffentlich tagen soll. Auf Betreiben unter anderem der SPD war es erst j\u00fcngst gelungen, gegen den Widerstand der zust\u00e4ndigen Dezernentin die \u201eB\u00fcrger gegen Flugl\u00e4rm\u201c in diesen Kreis zu integrieren. Daniel Behmenburg, Fraktionsvorsitzender der SPD in der BV IX sieht in den j\u00fcngsten Geschehnissen den durchschaubaren Versuch, durch die Hintert\u00fcr doch noch die \u00d6ffentlichkeit au\u00dfen vor zu halten:<\/p>\n<p>\u201eEs entbehrt nicht einer gewissen Ironie, dass ein Gremium, welches auch der Beteiligung und Einbindung der \u00d6ffentlichkeit dienen soll nun nicht\u00f6ffentlich tagt. Wir brauchen nicht noch mehr Kreise hinter verschlossenen T\u00fcren, wir m\u00fcssen den Menschen mit Offenheit, Transparenz und Teilhabe an politischen Prozessen entgegen treten. Doch das Gegenteil scheint unter schwarz-gr\u00fcn in Essen immer mehr System zu werden.\u201c so Behmenburg. Der SPD-Bezirksvertreter sieht hier jedoch System: \u201eNachdem es nicht gelungen ist, die Initiative \u201eB\u00fcrger gegen Flugl\u00e4rm\u201c aus dem L\u00e4rmbeirat herauszuhalten, soll nun durch die Nicht\u00f6ffentlichkeit die B\u00fcrgerbeteiligung beschnitten werden.\u201c<\/p>\n<p>Behmenburgs Stellvertreter Harald Neef sieht auch ganz praktische Probleme: \u201eSelbst die Stellvertreter d\u00fcrfen an den Sitzungen nicht teilnehmen. Durch die Vertraulichkeit der nicht\u00f6ffentlichen Sitzungen werden die Teilnehmer auch zur Verschwiegenheit angehalten. Dadurch k\u00f6nnen die Themen und Problemfelder nicht vor Ort diskutiert werden. Damit macht man die Vereins- und Verbandsvertreter zu Einzelk\u00e4mpfern. Das widerstrebt jeder Logik!\u201c<\/span><\/p>\n","protected":false},"excerpt":{"rendered":"<p>Irritiert hat die SPD-Fraktion in der Bezirksvertretung IX auf die Ank\u00fcndigung reagiert, dass der L\u00e4rmbeirat der Stadt Essen nicht\u00f6ffentlich tagen soll. Auf Betreiben unter anderem der SPD war es erst j\u00fcngst gelungen, gegen den Widerstand der zust\u00e4ndigen Dezernentin die \u201eB\u00fcrger gegen Flugl\u00e4rm\u201c in diesen Kreis zu integrieren. Daniel Behmenburg, Fraktionsvorsitzender [&hellip;]<\/p>\n","protected":false},"author":1,"featured_media":0,"comment_status":"open","ping_status":"open","sticky":false,"template":"","format":"standard","meta":{"footnotes":""},"categories":[1],"tags":[],"class_list":["post-23","post","type-post","status-publish","format-standard","hentry","category-uncategorized"],"_links":{"self":[{"href":"https:\/\/daniel-behmenburg.de\/index.php?rest_route=\/wp\/v2\/posts\/23","targetHints":{"allow":["GET"]}}],"collection":[{"href":"https:\/\/daniel-behmenburg.de\/index.php?rest_route=\/wp\/v2\/posts"}],"about":[{"href":"https:\/\/daniel-behmenburg.de\/index.php?rest_route=\/wp\/v2\/types\/post"}],"author":[{"embeddable":true,"href":"https:\/\/daniel-behmenburg.de\/index.php?rest_route=\/wp\/v2\/users\/1"}],"replies":[{"embeddable":true,"href":"https:\/\/daniel-behmenburg.de\/index.php?rest_route=%2Fwp%2Fv2%2Fcomments&post=23"}],"version-history":[{"count":0,"href":"https:\/\/daniel-behmenburg.de\/index.php?rest_route=\/wp\/v2\/posts\/23\/revisions"}],"wp:attachment":[{"href":"https:\/\/daniel-behmenburg.de\/index.php?rest_route=%2Fwp%2Fv2%2Fmedia&parent=23"}],"wp:term":[{"taxonomy":"category","embeddable":true,"href":"https:\/\/daniel-behmenburg.de\/index.php?rest_route=%2Fwp%2Fv2%2Fcategories&post=23"},{"taxonomy":"post_tag","embeddable":true,"href":"https:\/\/daniel-behmenburg.de\/index.php?rest_route=%2Fwp%2Fv2%2Ftags&post=23"}],"curies":[{"name":"wp","href":"https:\/\/api.w.org\/{rel}","templated":true}]}}