{"id":22,"date":"2009-02-03T12:04:00","date_gmt":"2009-02-03T12:04:00","guid":{"rendered":"http:\/\/danielbehmenburg.wordpress.com\/2009\/02\/03\/heckenschnitt-am-ludgerus-brunnen"},"modified":"2009-02-03T12:04:00","modified_gmt":"2009-02-03T12:04:00","slug":"heckenschnitt-am-ludgerus-brunnen","status":"publish","type":"post","link":"https:\/\/daniel-behmenburg.de\/?p=22","title":{"rendered":"Heckenschnitt am Ludgerus Brunnen"},"content":{"rendered":"<p><a href=\"http:\/\/danielbehmenburg.files.wordpress.com\/2009\/02\/dsc_8538.jpg\"><img decoding=\"async\" src=\"http:\/\/danielbehmenburg.files.wordpress.com\/2009\/02\/dsc_8538.jpg?w=300\" border=\"0\" alt=\"\" \/><\/a><br \/><a href=\"http:\/\/danielbehmenburg.files.wordpress.com\/2009\/02\/dsc_8507.jpg\"><img decoding=\"async\" src=\"http:\/\/danielbehmenburg.files.wordpress.com\/2009\/02\/dsc_8507.jpg?w=300\" border=\"0\" alt=\"\" \/><\/a><br \/>Erschreckt waren mit mir einige Werdener B\u00fcrgerinnen und B\u00fcrger \u00fcber den Heckenschnitt am Ludgerusbrunnen in Essen-Werden. \u00a0Vor Ort bot sich zum Gl\u00fcck die M\u00f6glichkeit, mit dem zust\u00e4ndigen Mitarbeiter von Gr\u00fcn &amp; Gruga zu sprechen.<\/p>\n<div><\/div>\n<div>Es handelte sich um eine routinem\u00e4\u00dfige Schnittaktion. In bestimmten langj\u00e4hrigen Intervallen werden Hecken bis auf den Grund geschnitten, um dem Boden die M\u00f6glichkeit zu geben, sich zu rekultivieren. Dieses ist an besagter Stelle schon sehr lange nicht geschehen.<\/div>\n<div><\/div>\n<div>Die nun beginnende Bl\u00fchsaison wird daf\u00fcr sorgen, dass der Platz zum Ludgerusfest und Kulturhauptstadtjahr wieder in sch\u00f6nen Gr\u00fcn und optisch getrennt von der Stra\u00dfe erscheinen wird.\u00a0<\/div>\n","protected":false},"excerpt":{"rendered":"<p>Erschreckt waren mit mir einige Werdener B\u00fcrgerinnen und B\u00fcrger \u00fcber den Heckenschnitt am Ludgerusbrunnen in Essen-Werden. \u00a0Vor Ort bot sich zum Gl\u00fcck die M\u00f6glichkeit, mit dem zust\u00e4ndigen Mitarbeiter von Gr\u00fcn &amp; Gruga zu sprechen. Es handelte sich um eine routinem\u00e4\u00dfige Schnittaktion. In bestimmten langj\u00e4hrigen Intervallen werden Hecken bis auf den [&hellip;]<\/p>\n","protected":false},"author":1,"featured_media":0,"comment_status":"open","ping_status":"open","sticky":false,"template":"","format":"standard","meta":{"footnotes":""},"categories":[1],"tags":[],"class_list":["post-22","post","type-post","status-publish","format-standard","hentry","category-uncategorized"],"_links":{"self":[{"href":"https:\/\/daniel-behmenburg.de\/index.php?rest_route=\/wp\/v2\/posts\/22","targetHints":{"allow":["GET"]}}],"collection":[{"href":"https:\/\/daniel-behmenburg.de\/index.php?rest_route=\/wp\/v2\/posts"}],"about":[{"href":"https:\/\/daniel-behmenburg.de\/index.php?rest_route=\/wp\/v2\/types\/post"}],"author":[{"embeddable":true,"href":"https:\/\/daniel-behmenburg.de\/index.php?rest_route=\/wp\/v2\/users\/1"}],"replies":[{"embeddable":true,"href":"https:\/\/daniel-behmenburg.de\/index.php?rest_route=%2Fwp%2Fv2%2Fcomments&post=22"}],"version-history":[{"count":0,"href":"https:\/\/daniel-behmenburg.de\/index.php?rest_route=\/wp\/v2\/posts\/22\/revisions"}],"wp:attachment":[{"href":"https:\/\/daniel-behmenburg.de\/index.php?rest_route=%2Fwp%2Fv2%2Fmedia&parent=22"}],"wp:term":[{"taxonomy":"category","embeddable":true,"href":"https:\/\/daniel-behmenburg.de\/index.php?rest_route=%2Fwp%2Fv2%2Fcategories&post=22"},{"taxonomy":"post_tag","embeddable":true,"href":"https:\/\/daniel-behmenburg.de\/index.php?rest_route=%2Fwp%2Fv2%2Ftags&post=22"}],"curies":[{"name":"wp","href":"https:\/\/api.w.org\/{rel}","templated":true}]}}