{"id":19,"date":"2008-10-22T10:00:00","date_gmt":"2008-10-22T10:00:00","guid":{"rendered":"http:\/\/danielbehmenburg.wordpress.com\/2008\/10\/22\/spd-fordert-mehr-sicherheit-am-ruhrufer"},"modified":"2008-10-22T10:00:00","modified_gmt":"2008-10-22T10:00:00","slug":"spd-fordert-mehr-sicherheit-am-ruhrufer","status":"publish","type":"post","link":"https:\/\/daniel-behmenburg.de\/?p=19","title":{"rendered":"SPD fordert: Mehr Sicherheit am Ruhrufer!"},"content":{"rendered":"<p>Eigentlich wollten sich die SPD-Bezirksvertreter Katja Geier, Ute Luhrenberg und Daniel Behmenburg nur vor Ort die Situation am Fu\u00dfg\u00e4ngerweg am Ruhrufer ansehen. Berichte der Polizei in den \u00f6rtlichen Medien \u00fcber \u201eZusammenst\u00f6\u00dfe\u201c zwischen Radfahrern und Fu\u00dfg\u00e4ngern hatten sie alarmiert.<\/p>\n<p>Bei der Begehung der \u00d6rtlichkeiten mussten sie jedoch feststellen, dass dieses Problem nur die Spitze des Eisberges ist: Rund um die Ecke Zielturm\/ ETUF\/ Ruhrufer wurden mehrere gef\u00e4hrliche Situationen ausgemacht.  Dazu Ute Luhrenberg: \u201eBesonders gef\u00e4hrlich ist die Zufahrt zum Parkplatz an der Freiherr-vom-Stein-Stra\u00dfe.  Zu uneinsichtig ist das Geflecht aus Rad-und Fu\u00dfweg f\u00fcr die Autofahrer. Nicht auszumalen, wie sich diese Situation erst im Sommer darstellt, wenn viele G\u00e4ste diese sch\u00f6ne Ecke besuchen. Auch im Kulturhauptstadtjahr ein brennendes Problem!\u201c Die SPD-Politikerin hatte sich in der letzten Sitzung der Bezirksvertreter bereits f\u00fcr eine Sicherung der Bushaltestelle Kattenturm stark gemacht: \u201eAnscheinend sind viele Stellen in unserem Bezirk ein Gefahrenpunkt. Die SPD wird auf weiter mit wachen Augen durch den Bezirk gehen und auf diese Stellen hinweisen. Wir freuen uns auch immer \u00fcber Anregungen von den B\u00fcrgerinnen und B\u00fcrgern.\u201c<\/p>\n<p>\u201eAuch der schmale und dazu noch zugewachsene Fu\u00dfweg an der Freiherr-vom-Stein-Stra\u00dfe ist bedrohlich. In nur ein paar Zentimetern Entfernung fahren mit 70km\/h die Autos an einem vorbei. In einer dunklen Kurve ist man gezwungen, die Stra\u00dfenseite zu wechseln. Eine unzumutbare Situation.\u201c so Katja Geier. Aber auch auf das Ursprungsproblem geht sie ein: \u201eGenerell w\u00fcrde ich mich freuen, wenn Radfahrer und Fu\u00dfg\u00e4nger gegenseitig mehr R\u00fccksicht und auch Toleranz \u00fcben w\u00fcrden. An der konkreten Stelle, wo sich Rad- und Fu\u00dfweg trennen, w\u00fcrde ich vorschlagen, diese Trennung der Wege zum Beispiel durch eine Doppelschranke sichtbarer zu machen.\u201c <\/p>\n<p>\u201eDie SPD-Fraktion hat zur n\u00e4chsten Sitzung der Bezirksvertretung IX Ende Oktober einen Antrag zu diesen Gefahrenpunkten gestellt. In diesem Antrag werden die erkannten Problemfelder beschrieben und die Experten in unserer Verwaltung gebeten, hierzu L\u00f6sungsvorschl\u00e4ge zu erarbeiten. Die Unfallstatistik an dieser Stelle gibt unserem Antrag leider in trauriger Weise Recht. Deshalb ist hier Eile geboten \u2013 sp\u00e4testens bis zur n\u00e4chsten Sommersaison muss die Stelle entsch\u00e4rft sein.\u201c erg\u00e4nzt der SPD-Fraktionsvorsitzende Daniel Behmenburg.<\/p>\n","protected":false},"excerpt":{"rendered":"<p>Eigentlich wollten sich die SPD-Bezirksvertreter Katja Geier, Ute Luhrenberg und Daniel Behmenburg nur vor Ort die Situation am Fu\u00dfg\u00e4ngerweg am Ruhrufer ansehen. Berichte der Polizei in den \u00f6rtlichen Medien \u00fcber \u201eZusammenst\u00f6\u00dfe\u201c zwischen Radfahrern und Fu\u00dfg\u00e4ngern hatten sie alarmiert. Bei der Begehung der \u00d6rtlichkeiten mussten sie jedoch feststellen, dass dieses Problem [&hellip;]<\/p>\n","protected":false},"author":1,"featured_media":0,"comment_status":"open","ping_status":"open","sticky":false,"template":"","format":"standard","meta":{"footnotes":""},"categories":[5,21],"tags":[],"class_list":["post-19","post","type-post","status-publish","format-standard","hentry","category-bv-ix","category-ruhrufer"],"_links":{"self":[{"href":"https:\/\/daniel-behmenburg.de\/index.php?rest_route=\/wp\/v2\/posts\/19","targetHints":{"allow":["GET"]}}],"collection":[{"href":"https:\/\/daniel-behmenburg.de\/index.php?rest_route=\/wp\/v2\/posts"}],"about":[{"href":"https:\/\/daniel-behmenburg.de\/index.php?rest_route=\/wp\/v2\/types\/post"}],"author":[{"embeddable":true,"href":"https:\/\/daniel-behmenburg.de\/index.php?rest_route=\/wp\/v2\/users\/1"}],"replies":[{"embeddable":true,"href":"https:\/\/daniel-behmenburg.de\/index.php?rest_route=%2Fwp%2Fv2%2Fcomments&post=19"}],"version-history":[{"count":0,"href":"https:\/\/daniel-behmenburg.de\/index.php?rest_route=\/wp\/v2\/posts\/19\/revisions"}],"wp:attachment":[{"href":"https:\/\/daniel-behmenburg.de\/index.php?rest_route=%2Fwp%2Fv2%2Fmedia&parent=19"}],"wp:term":[{"taxonomy":"category","embeddable":true,"href":"https:\/\/daniel-behmenburg.de\/index.php?rest_route=%2Fwp%2Fv2%2Fcategories&post=19"},{"taxonomy":"post_tag","embeddable":true,"href":"https:\/\/daniel-behmenburg.de\/index.php?rest_route=%2Fwp%2Fv2%2Ftags&post=19"}],"curies":[{"name":"wp","href":"https:\/\/api.w.org\/{rel}","templated":true}]}}