{"id":187,"date":"2014-06-18T11:04:21","date_gmt":"2014-06-18T11:04:21","guid":{"rendered":"http:\/\/danielbehmenburg.wordpress.com\/?p=187"},"modified":"2014-06-18T11:04:21","modified_gmt":"2014-06-18T11:04:21","slug":"spd-fraktion-in-der-bezirksvertretung-ix-wahlt-fraktionsvorsitz-und-nominiert-kandidaten-fur-das-amt-des-bezirksburgermeisters","status":"publish","type":"post","link":"https:\/\/daniel-behmenburg.de\/?p=187","title":{"rendered":"SPD-Fraktion in der Bezirksvertretung IX w\u00e4hlt Fraktionsvorsitz und nominiert Kandidaten f\u00fcr das Amt des Bezirksb\u00fcrgermeisters"},"content":{"rendered":"<p><em>Daniel Behmenburg wieder Fraktionsvorsitzender, Reinhold Schulzki f\u00fcr das Amt des 1. stellvertretenden Bezirksb\u00fcrgermeisters nominiert<\/em><\/p>\n<p>Die SPD-Fraktion in der Bezirksvertretung IX hat ihre Fraktionsf\u00fchrung neu gew\u00e4hlt: Als Fraktionsvorsitzender wurde Daniel Behmenburg in seinem Amt best\u00e4tigt, als neue Stellvertreter wurden Christine Meyer aus dem SPD-Ortsverein Kettwig und Benjamin Brenk aus dem Ortsverein Werden\/ Bredeney gew\u00e4hlt.<\/p>\n<p>Auch in der F\u00fchrung der Bezirksvertretung setzen die Sozialdemokraten auf die altbew\u00e4hrte Kombination der letzten Jahre: Reinhold Schulzki wurde wieder als 1. stellvertretender Bezirksb\u00fcrgermeister nominiert. Auch haben die Mitglieder der SPD-Fraktion in Anerkennung des Wahlergebnisses den Auftrag bei der CDU gesehen, mit Dr. Michael Bonmann wieder den Bezirksb\u00fcrgermeister zu stellen. Sie gehen davon aus, dass dieser die Arbeit wie in den letzten Jahren im breiten Konsens fortsetzt.<\/p>\n<p>Der Fraktionsvorsitzende wurde dar\u00fcber hinaus beauftragt, mit der CDU und den anderen Fraktionen\/ Einzelvertretern in der BV IX \u00fcber das Aufstellen einer m\u00f6glichst gemeinsamen Liste zu verhandeln sowie sich f\u00fcr eine faire Aufteilung der Beauftragten in der Bezirksvertretung IX einzusetzen.<\/p>\n","protected":false},"excerpt":{"rendered":"<p>Daniel Behmenburg wieder Fraktionsvorsitzender, Reinhold Schulzki f\u00fcr das Amt des 1. stellvertretenden Bezirksb\u00fcrgermeisters nominiert Die SPD-Fraktion in der Bezirksvertretung IX hat ihre Fraktionsf\u00fchrung neu gew\u00e4hlt: Als Fraktionsvorsitzender wurde Daniel Behmenburg in seinem Amt best\u00e4tigt, als neue Stellvertreter wurden Christine Meyer aus dem SPD-Ortsverein Kettwig und Benjamin Brenk aus dem Ortsverein [&hellip;]<\/p>\n","protected":false},"author":1,"featured_media":0,"comment_status":"open","ping_status":"open","sticky":false,"template":"","format":"standard","meta":{"footnotes":""},"categories":[1],"tags":[],"class_list":["post-187","post","type-post","status-publish","format-standard","hentry","category-uncategorized"],"_links":{"self":[{"href":"https:\/\/daniel-behmenburg.de\/index.php?rest_route=\/wp\/v2\/posts\/187","targetHints":{"allow":["GET"]}}],"collection":[{"href":"https:\/\/daniel-behmenburg.de\/index.php?rest_route=\/wp\/v2\/posts"}],"about":[{"href":"https:\/\/daniel-behmenburg.de\/index.php?rest_route=\/wp\/v2\/types\/post"}],"author":[{"embeddable":true,"href":"https:\/\/daniel-behmenburg.de\/index.php?rest_route=\/wp\/v2\/users\/1"}],"replies":[{"embeddable":true,"href":"https:\/\/daniel-behmenburg.de\/index.php?rest_route=%2Fwp%2Fv2%2Fcomments&post=187"}],"version-history":[{"count":0,"href":"https:\/\/daniel-behmenburg.de\/index.php?rest_route=\/wp\/v2\/posts\/187\/revisions"}],"wp:attachment":[{"href":"https:\/\/daniel-behmenburg.de\/index.php?rest_route=%2Fwp%2Fv2%2Fmedia&parent=187"}],"wp:term":[{"taxonomy":"category","embeddable":true,"href":"https:\/\/daniel-behmenburg.de\/index.php?rest_route=%2Fwp%2Fv2%2Fcategories&post=187"},{"taxonomy":"post_tag","embeddable":true,"href":"https:\/\/daniel-behmenburg.de\/index.php?rest_route=%2Fwp%2Fv2%2Ftags&post=187"}],"curies":[{"name":"wp","href":"https:\/\/api.w.org\/{rel}","templated":true}]}}