{"id":183,"date":"2014-03-13T14:21:39","date_gmt":"2014-03-13T14:21:39","guid":{"rendered":"http:\/\/danielbehmenburg.wordpress.com\/?p=183"},"modified":"2014-03-13T14:21:39","modified_gmt":"2014-03-13T14:21:39","slug":"schreiben-an-die-mulheimer-spd-politiker","status":"publish","type":"post","link":"https:\/\/daniel-behmenburg.de\/?p=183","title":{"rendered":"Schreiben an die M\u00fclheimer SPD-Politiker"},"content":{"rendered":"<p>In den Streit um die Nutzung eines markenrechtlich gesch\u00fctzten Begriffes zwischen den drei B\u00fcrgervereinen im Stadtbezirk IX und der M\u00fclheimer Stadtmarketing und Tourismus GmbH hat sich nun die SPD-Fraktion in der Bezirksvertetung mit einem Brief eingeschaltet:<\/p>\n<p><a href=\"http:\/\/danielbehmenburg.files.wordpress.com\/2014\/03\/20140313-schreiben-spd-mc3bclheim-ruhrperlen.pdf\">20140313 &#8211; Schreiben SPD M\u00fclheim bzgl. Ruhrperlen<\/a><\/p>\n<p>Interessante Links:<\/p>\n<p><a title=\"Lokalzeit Ruhr vom 12. M\u00e4rz 2013\" href=\"http:\/\/www1.wdr.de\/mediathek\/video\/sendungen\/lokalzeit\/lokalzeit-ruhr\/videokurioserstreitumdenbegriffruhrperle101_size-L.html?autostart=true#bannerhttp:\/\/\" target=\"_blank\" rel=\"noopener noreferrer\">Lokalzeit Ruhr vom 12. M\u00e4rz 2014<\/a><\/p>\n<p><a title=\"DerWesten.de vom 12. M\u00e4rz 2014\" href=\"https:\/\/www.derwesten.de\/staedte\/muelheim\/muelheim-und-essen-streiten-vor-gericht-wer-ruhrperle-ist-id9107085.html\" target=\"_blank\" rel=\"noopener noreferrer\">DerWesten.de vom 12. M\u00e4rz 2014<\/a><\/p>\n","protected":false},"excerpt":{"rendered":"<p>In den Streit um die Nutzung eines markenrechtlich gesch\u00fctzten Begriffes zwischen den drei B\u00fcrgervereinen im Stadtbezirk IX und der M\u00fclheimer Stadtmarketing und Tourismus GmbH hat sich nun die SPD-Fraktion in der Bezirksvertetung mit einem Brief eingeschaltet: 20140313 &#8211; Schreiben SPD M\u00fclheim bzgl. Ruhrperlen Interessante Links: Lokalzeit Ruhr vom 12. M\u00e4rz [&hellip;]<\/p>\n","protected":false},"author":1,"featured_media":0,"comment_status":"open","ping_status":"open","sticky":false,"template":"","format":"standard","meta":{"footnotes":""},"categories":[1],"tags":[],"class_list":["post-183","post","type-post","status-publish","format-standard","hentry","category-uncategorized"],"_links":{"self":[{"href":"https:\/\/daniel-behmenburg.de\/index.php?rest_route=\/wp\/v2\/posts\/183","targetHints":{"allow":["GET"]}}],"collection":[{"href":"https:\/\/daniel-behmenburg.de\/index.php?rest_route=\/wp\/v2\/posts"}],"about":[{"href":"https:\/\/daniel-behmenburg.de\/index.php?rest_route=\/wp\/v2\/types\/post"}],"author":[{"embeddable":true,"href":"https:\/\/daniel-behmenburg.de\/index.php?rest_route=\/wp\/v2\/users\/1"}],"replies":[{"embeddable":true,"href":"https:\/\/daniel-behmenburg.de\/index.php?rest_route=%2Fwp%2Fv2%2Fcomments&post=183"}],"version-history":[{"count":0,"href":"https:\/\/daniel-behmenburg.de\/index.php?rest_route=\/wp\/v2\/posts\/183\/revisions"}],"wp:attachment":[{"href":"https:\/\/daniel-behmenburg.de\/index.php?rest_route=%2Fwp%2Fv2%2Fmedia&parent=183"}],"wp:term":[{"taxonomy":"category","embeddable":true,"href":"https:\/\/daniel-behmenburg.de\/index.php?rest_route=%2Fwp%2Fv2%2Fcategories&post=183"},{"taxonomy":"post_tag","embeddable":true,"href":"https:\/\/daniel-behmenburg.de\/index.php?rest_route=%2Fwp%2Fv2%2Ftags&post=183"}],"curies":[{"name":"wp","href":"https:\/\/api.w.org\/{rel}","templated":true}]}}