{"id":1829,"date":"2026-03-13T09:33:30","date_gmt":"2026-03-13T09:33:30","guid":{"rendered":"https:\/\/daniel-behmenburg.de\/?p=1829"},"modified":"2026-03-13T09:35:36","modified_gmt":"2026-03-13T09:35:36","slug":"praxistest-statt-teurem-umbau-cdu-und-spd-schlagen-tempo-30-auf-heiligenhauser-strasse-und-ringstrasse-vor","status":"publish","type":"post","link":"https:\/\/daniel-behmenburg.de\/?p=1829","title":{"rendered":"Praxistest statt teurem Umbau: CDU und SPD schlagen Tempo-30 auf Heiligenhauser Stra\u00dfe und Ringstra\u00dfe vor"},"content":{"rendered":"\n<p>Kettwig, den 12. M\u00e4rz 2026 &#8211; Die Ratsfraktionen von CDU und SPD schlagen f\u00fcr die Heiligenhauser Stra\u00dfe und die Ringstra\u00dfe in Kettwig einen befristeten Praxistest mit Tempo 30 vor. Ziel ist es, die Auswirkungen auf Verkehrssicherheit, L\u00e4rmbelastung, Verkehrsfluss und den Radverkehr wissenschaftlich zu untersuchen. Urspr\u00fcnglich hatte die Verwaltung hier einen teuren Umbau mit einem Fahrradweg im hohen einstelligen Millionenbereich vorgesehen, der nahezu alle Parkpl\u00e4tze f\u00fcr die Anwohnerinnen und Anwohner entfallen lassen h\u00e4tte.<\/p>\n\n\n\n<p>Damit reagieren die Ratsmitglieder auch auf vielfache Kritik von Anwohnerinnen und Anwohnern, die neben grunds\u00e4tzlichen Bedenken insbesondere bem\u00e4ngelt hatten, bei den bisherigen Planungen nicht ausreichend einbezogen worden zu sein. Die Kettwiger Ratsmitglieder Daniel Behmenburg und Yannick Lubisch haben hierzu zahlreiche Gespr\u00e4che gef\u00fchrt und gemeinsam mit den verkehrspolitischen Sprecherinnen und Sprechern von CDU und SPD, Ulrich Beul und Agnes Tepperis, nach Alternativen zu den Vorschl\u00e4gen der Verwaltung gesucht. Im Ergebnis m\u00f6chte man statt teurer Umbauten erst einmal eine Tempo-30-Regelung erproben. Diese k\u00f6nnte auch angespannte Verkehrssituationen \u2013 etwa an der Einm\u00fcndung zur Montebruchstra\u00dfe \u2013 entsch\u00e4rfen und den vielfachen Beschwerden \u00fcber L\u00e4rmbelastungen gerecht werden. Der gemeinsame Antrag wurde heute im Ausschuss f\u00fcr Verkehr und Mobilit\u00e4t mehrheitlich beschlossen und wird anschlie\u00dfend im Rat der Stadt Essen entschieden.&nbsp;<\/p>\n\n\n\n<p>Dazu Daniel Behmenburg: \u201eUns ist wichtig, dass wir bei dieser sensiblen Verkehrsfrage nicht ideologisch, sondern faktenbasiert entscheiden. Ein Praxistest schafft eine verl\u00e4ssliche Grundlage, um zu sehen, welche Auswirkungen eine Geschwindigkeitsreduzierung bereits hat.\u201c<\/p>\n\n\n\n<p>\u201eGerade im Zusammenspiel mit dem geplanten Neubaugebiet am Berschener Weg wird sich die Verkehrssituation weiter ver\u00e4ndern. Deshalb ist es sinnvoll, die Entwicklung jetzt genau zu beobachten und belastbare Daten zu sammeln\u201c, erg\u00e4nzt Yannick Lubisch.<\/p>\n\n\n\n<p>Ulrich Beul betont: \u201eViele Anwohnerinnen und Anwohner w\u00fcnschen sich mehr Verkehrssicherheit und weniger L\u00e4rm. Gleichzeitig m\u00fcssen wir aber auch den Verkehrsfluss und die Situation f\u00fcr Pendler im Blick behalten. Der Verkehrsversuch hilft, diese Interessen sorgf\u00e4ltig abzuw\u00e4gen.\u201c<\/p>\n\n\n\n<p>F\u00fcr Agnes Tepperis steht zudem der praktische Nutzen im Vordergrund: \u201eWir wollen wissen, welche Ma\u00dfnahmen wirklich funktionieren. Deshalb soll der Versuch wissenschaftlich begleitet und anschlie\u00dfend ausgewertet werden. Auf dieser Grundlage k\u00f6nnen Politik und Verwaltung dann verantwortungsvoll entscheiden.\u201c<\/p>\n\n\n\n<p>Der Praxistest soll auf zw\u00f6lf Monate angelegt sein und von der Stadtverwaltung gemeinsam mit dem Stra\u00dfenbaulasttr\u00e4ger und der Polizei begleitet werden. Vor Beginn sollen unter anderem Verkehrsaufkommen, Geschwindigkeiten, Unfalllage und L\u00e4rmbelastung erfasst werden. W\u00e4hrend des Versuchs werden Ver\u00e4nderungen kontinuierlich dokumentiert und anschlie\u00dfend ausgewertet. R\u00fcckmeldungen und Erfahrungen aus der Bev\u00f6lkerung sind ausdr\u00fccklich willkommen. Ansprechpartner vor Ort sind die Kettwiger Ratsmitglieder Yannick Lubisch und Daniel Behmenburg.<\/p>\n\n\n\n<p>Unabh\u00e4ngig davon sollen die Bushaltestellen \u201eKettwig vor der Br\u00fccke\u201c nicht wie eigentlich geplant ins Nirgendwo Richtung Br\u00fccke verlegt werden und am jetzigen Standort barrierefrei ausgebaut werden. Zudem bitten CDU und SPD die Verwaltung zu pr\u00fcfen, wie im Umfeld zus\u00e4tzliche Parkm\u00f6glichkeiten geschaffen oder vorhandene Fl\u00e4chen besser genutzt werden k\u00f6nnen.<\/p>\n","protected":false},"excerpt":{"rendered":"<p>Kettwig, den 12. M\u00e4rz 2026 &#8211; Die Ratsfraktionen von CDU und SPD schlagen f\u00fcr die Heiligenhauser Stra\u00dfe und die Ringstra\u00dfe in Kettwig einen befristeten Praxistest mit Tempo 30 vor. Ziel ist es, die Auswirkungen auf Verkehrssicherheit, L\u00e4rmbelastung, Verkehrsfluss und den Radverkehr wissenschaftlich zu untersuchen. Urspr\u00fcnglich hatte die Verwaltung hier einen [&hellip;]<\/p>\n","protected":false},"author":1,"featured_media":1831,"comment_status":"open","ping_status":"open","sticky":false,"template":"","format":"standard","meta":{"footnotes":""},"categories":[6],"tags":[],"class_list":["post-1829","post","type-post","status-publish","format-standard","has-post-thumbnail","hentry","category-kettwig"],"_links":{"self":[{"href":"https:\/\/daniel-behmenburg.de\/index.php?rest_route=\/wp\/v2\/posts\/1829","targetHints":{"allow":["GET"]}}],"collection":[{"href":"https:\/\/daniel-behmenburg.de\/index.php?rest_route=\/wp\/v2\/posts"}],"about":[{"href":"https:\/\/daniel-behmenburg.de\/index.php?rest_route=\/wp\/v2\/types\/post"}],"author":[{"embeddable":true,"href":"https:\/\/daniel-behmenburg.de\/index.php?rest_route=\/wp\/v2\/users\/1"}],"replies":[{"embeddable":true,"href":"https:\/\/daniel-behmenburg.de\/index.php?rest_route=%2Fwp%2Fv2%2Fcomments&post=1829"}],"version-history":[{"count":1,"href":"https:\/\/daniel-behmenburg.de\/index.php?rest_route=\/wp\/v2\/posts\/1829\/revisions"}],"predecessor-version":[{"id":1830,"href":"https:\/\/daniel-behmenburg.de\/index.php?rest_route=\/wp\/v2\/posts\/1829\/revisions\/1830"}],"wp:featuredmedia":[{"embeddable":true,"href":"https:\/\/daniel-behmenburg.de\/index.php?rest_route=\/wp\/v2\/media\/1831"}],"wp:attachment":[{"href":"https:\/\/daniel-behmenburg.de\/index.php?rest_route=%2Fwp%2Fv2%2Fmedia&parent=1829"}],"wp:term":[{"taxonomy":"category","embeddable":true,"href":"https:\/\/daniel-behmenburg.de\/index.php?rest_route=%2Fwp%2Fv2%2Fcategories&post=1829"},{"taxonomy":"post_tag","embeddable":true,"href":"https:\/\/daniel-behmenburg.de\/index.php?rest_route=%2Fwp%2Fv2%2Ftags&post=1829"}],"curies":[{"name":"wp","href":"https:\/\/api.w.org\/{rel}","templated":true}]}}