{"id":1812,"date":"2026-01-22T15:45:29","date_gmt":"2026-01-22T15:45:29","guid":{"rendered":"https:\/\/daniel-behmenburg.de\/?p=1812"},"modified":"2026-01-22T15:45:30","modified_gmt":"2026-01-22T15:45:30","slug":"nachbarschaftsbrief-zur-diskussion-um-den-kemmansweg","status":"publish","type":"post","link":"https:\/\/daniel-behmenburg.de\/?p=1812","title":{"rendered":"Nachbarschaftsbrief zur Diskussion um den Kemmansweg"},"content":{"rendered":"\n<p>Liebe Anwohnerinnen und Anwohner,<\/p>\n\n\n\n<p>liebe Kettwiger Nachbarn,<\/p>\n\n\n\n<p>viele von Ihnen haben mich in der j\u00fcngsten Vergangenheit angesprochen, weil sie sich Sorgen um die bauliche Entwicklung im Schmachtenbergviertel machen. Hintergrund ist eine Vorlage der Verwaltung, die der Oberb\u00fcrgermeister am 11. Dezember 2025 unterzeichnet hat und mit der die bisherige Ortssatzung f\u00fcr Teile dieses Viertels aufgehoben werden soll. Dazu habe ich eine sehr klare Meinung \u2013 und die Gespr\u00e4che mit Ihnen haben mir gezeigt, dass wir hier Seite an Seite stehen.<\/p>\n\n\n\n<p><strong>Visionen f\u00fcr das Ortsbild m\u00fcssen weiterentwickelt und nicht einfach gestrichen werden.<\/strong><\/p>\n\n\n\n<p>Ich glaube es ist unstreitig, dass eine Stadtentwicklung auf der H\u00f6he der Zeit nicht eine Satzung vom 26. M\u00e4rz 1955 als Leitlinie haben kann. Meines Erachtens ist es aber ebenso klar, dass das einfache Streichen bisheriger Rahmenbedingungen nicht der Anspruch an eine moderne Stadtpolitik sein kann. Vielmehr muss man schauen, was sich in den letzten Jahrzehnten ver\u00e4ndert hat, welche \u00c4nderungen es im Quartier bereits gab und dann m\u00fcssen wir uns gemeinsam \u00fcberlegen, wie man diese Satzung im Jahr 2026 modernisieren k\u00f6nnte. Aber das braucht Zeit, das braucht Sorgfalt und es muss im Schulterschluss mit den Menschen, die hier wohnen, geschehen.<\/p>\n\n\n\n<p>Zu oft mussten wir als Politik tatenlos bei Baus\u00fcnden zusehen, weil uns als Politik die Instrumente fehlten, steuernd einzugreifen. Dort, wo wir noch Regelungen haben, wie hier bei der Ortssatzung, d\u00fcrfen wir diese M\u00f6glichkeit nicht leichtfertig aus der Hand geben. Mehr noch: Wir m\u00fcssen uns \u00fcberlegen, welche Regionen unseres Dorfes wir zus\u00e4tzlich sch\u00fctzen m\u00f6chten.<\/p>\n\n\n\n<p><strong>Deshalb sage ich Ihnen pers\u00f6nlich wie auch im Namen der SPD in Kettwig zu:<\/strong><\/p>\n\n\n\n<p><strong>Wir werden politisch daf\u00fcr eintreten, dass diese Ortssatzung nicht ersatzlos aufgehoben wird. Und gerne treten wir in der n\u00e4chsten Zeit weiter mit Ihnen in Dialog, wie wir als Kettwiger uns die weitere Entwicklung dieses und auch anderer Quartiere vorstellen. Damit die stetige Erosion des Ortsbildes ein Ende findet und wir ein gemeinsames Leitbild vom Kettwig der Zukunft haben. <\/strong><img loading=\"lazy\" decoding=\"async\" width=\"44\" height=\"45\" src=\"\" alt=\"Ein Bild, das Symbol, Logo, Grafiken, Clipart enth\u00e4lt.\n\nKI-generierte Inhalte k\u00f6nnen fehlerhaft sein.\"><strong><\/strong><\/p>\n\n\n\n<p>Wenn Sie R\u00fcckfragen haben oder gerne vertiefend ins Gespr\u00e4ch kommen m\u00f6chten \u2013 sprechen Sie mich gerne an.<\/p>\n\n\n\n<p>Herzlichst,<br>Ihr<\/p>\n\n\n\n<p class=\"has-text-align-center\">Daniel Behmenburg<br>Ratsherr f\u00fcr Kettwig<\/p>\n","protected":false},"excerpt":{"rendered":"<p>Liebe Anwohnerinnen und Anwohner, liebe Kettwiger Nachbarn, viele von Ihnen haben mich in der j\u00fcngsten Vergangenheit angesprochen, weil sie sich Sorgen um die bauliche Entwicklung im Schmachtenbergviertel machen. Hintergrund ist eine Vorlage der Verwaltung, die der Oberb\u00fcrgermeister am 11. Dezember 2025 unterzeichnet hat und mit der die bisherige Ortssatzung f\u00fcr [&hellip;]<\/p>\n","protected":false},"author":1,"featured_media":1814,"comment_status":"open","ping_status":"open","sticky":false,"template":"","format":"standard","meta":{"footnotes":""},"categories":[6],"tags":[214,327,325,57,326],"class_list":["post-1812","post","type-post","status-publish","format-standard","has-post-thumbnail","hentry","category-kettwig","tag-bebauung","tag-gartenstadt","tag-kemmansweg","tag-kettwig","tag-ortssatzung"],"_links":{"self":[{"href":"https:\/\/daniel-behmenburg.de\/index.php?rest_route=\/wp\/v2\/posts\/1812","targetHints":{"allow":["GET"]}}],"collection":[{"href":"https:\/\/daniel-behmenburg.de\/index.php?rest_route=\/wp\/v2\/posts"}],"about":[{"href":"https:\/\/daniel-behmenburg.de\/index.php?rest_route=\/wp\/v2\/types\/post"}],"author":[{"embeddable":true,"href":"https:\/\/daniel-behmenburg.de\/index.php?rest_route=\/wp\/v2\/users\/1"}],"replies":[{"embeddable":true,"href":"https:\/\/daniel-behmenburg.de\/index.php?rest_route=%2Fwp%2Fv2%2Fcomments&post=1812"}],"version-history":[{"count":1,"href":"https:\/\/daniel-behmenburg.de\/index.php?rest_route=\/wp\/v2\/posts\/1812\/revisions"}],"predecessor-version":[{"id":1815,"href":"https:\/\/daniel-behmenburg.de\/index.php?rest_route=\/wp\/v2\/posts\/1812\/revisions\/1815"}],"wp:featuredmedia":[{"embeddable":true,"href":"https:\/\/daniel-behmenburg.de\/index.php?rest_route=\/wp\/v2\/media\/1814"}],"wp:attachment":[{"href":"https:\/\/daniel-behmenburg.de\/index.php?rest_route=%2Fwp%2Fv2%2Fmedia&parent=1812"}],"wp:term":[{"taxonomy":"category","embeddable":true,"href":"https:\/\/daniel-behmenburg.de\/index.php?rest_route=%2Fwp%2Fv2%2Fcategories&post=1812"},{"taxonomy":"post_tag","embeddable":true,"href":"https:\/\/daniel-behmenburg.de\/index.php?rest_route=%2Fwp%2Fv2%2Ftags&post=1812"}],"curies":[{"name":"wp","href":"https:\/\/api.w.org\/{rel}","templated":true}]}}