{"id":18,"date":"2008-10-22T10:00:00","date_gmt":"2008-10-22T10:00:00","guid":{"rendered":"http:\/\/danielbehmenburg.wordpress.com\/2008\/10\/22\/spd-fraktion-will-hugelweg-entlasten"},"modified":"2008-10-22T10:00:00","modified_gmt":"2008-10-22T10:00:00","slug":"spd-fraktion-will-hugelweg-entlasten","status":"publish","type":"post","link":"https:\/\/daniel-behmenburg.de\/?p=18","title":{"rendered":"SPD Fraktion will H\u00fcgelweg entlasten"},"content":{"rendered":"<p>Vor einem Jahr (September 2007) war der H\u00fcgelweg schon einmal Thema in der BV IX. Leider hat sich seit damals nichts an der Situation ge\u00e4ndert \u2013 deshalb bringt die SPD-Fraktion das Thema wieder auf die Tagesordnung der Bezirksvertreter Ende Oktober. Immerhin geht es hier um die Sicherheit der Anwohner, insbesondere spielende Kinder m\u00fcssen gesch\u00fctzt werden.<\/p>\n<p>Die Bredeneyer Bezirksvertreterin Katja Geier und ihr Fraktionskollege Daniel Behmenburg haben sich mit dem Urheber des B\u00fcrgerschreibens aus dem letzten Jahr vor Ort getroffen und die Situation diskutiert.<\/p>\n<p>Katja Geier berichtet von den Ergebnissen des Gespr\u00e4ches: \u201eProblematisch ist, dass viele Navigationssysteme als Route zur Villa H\u00fcgel den H\u00fcgelweg angeben. Doch steht man vor Tor II meistens vor verschlossenen T\u00fcren. Viele Autofahrer wollen den Zeitverlust auf dem R\u00fcckweg durch die Geschwindigkeit wieder aufholen. Gerade am Wochenende ein riesen Problem f\u00fcr spielende Kinder!\u201c Geier und Behmenburg haben dieses im \u201eSelbstversuch\u201c probiert und wurden vom Navigationssystem auch in den H\u00fcgelweg geleitet.<\/p>\n<p>Daniel Behmenburg, Fraktionsvorsitzender der SPD in der BV IX, sieht das Problem auch: \u201eWir m\u00fcssen hier bereits an der Frankenstra\u00dfe ansetzen. Die L\u00f6sung k\u00f6nnte eigentlich sehr einfach sein, hier muss ein Hinweisschild mit dem richtigen Weg zur Villa H\u00fcgel hin. Besonders im Kulturhauptstadtjahr 2010 sollte dieser Hinweis sowieso ein Muss sein. Ich hoffe, dass die Verwaltung dieses Problem schnell in Angriff nimmt, zumal die  Aufstellung eines Schildes kostenm\u00e4\u00dfig kaum zu Buche schl\u00e4gt.\u201c<\/p>\n<p>Katja Geier erg\u00e4nzt: \u201eProblematisch ist ebenso der hintere Teil des H\u00fcgelweges. Durch den anliegenden Wald wird der Eindruck einer Landstra\u00dfe erweckt, was zu einer erh\u00f6hten Geschwindigkeit verleitet. F\u00fcr Spazierg\u00e4nger und auch f\u00fcr die Tiere eine gro\u00dfe Gefahr. Hier m\u00fcssen Ma\u00dfnahmen zur Reduzierung der Geschwindigkeit geschaffen werden!\u201c<\/p>\n","protected":false},"excerpt":{"rendered":"<p>Vor einem Jahr (September 2007) war der H\u00fcgelweg schon einmal Thema in der BV IX. Leider hat sich seit damals nichts an der Situation ge\u00e4ndert \u2013 deshalb bringt die SPD-Fraktion das Thema wieder auf die Tagesordnung der Bezirksvertreter Ende Oktober. Immerhin geht es hier um die Sicherheit der Anwohner, insbesondere [&hellip;]<\/p>\n","protected":false},"author":1,"featured_media":0,"comment_status":"open","ping_status":"open","sticky":false,"template":"","format":"standard","meta":{"footnotes":""},"categories":[5],"tags":[],"class_list":["post-18","post","type-post","status-publish","format-standard","hentry","category-bv-ix"],"_links":{"self":[{"href":"https:\/\/daniel-behmenburg.de\/index.php?rest_route=\/wp\/v2\/posts\/18","targetHints":{"allow":["GET"]}}],"collection":[{"href":"https:\/\/daniel-behmenburg.de\/index.php?rest_route=\/wp\/v2\/posts"}],"about":[{"href":"https:\/\/daniel-behmenburg.de\/index.php?rest_route=\/wp\/v2\/types\/post"}],"author":[{"embeddable":true,"href":"https:\/\/daniel-behmenburg.de\/index.php?rest_route=\/wp\/v2\/users\/1"}],"replies":[{"embeddable":true,"href":"https:\/\/daniel-behmenburg.de\/index.php?rest_route=%2Fwp%2Fv2%2Fcomments&post=18"}],"version-history":[{"count":0,"href":"https:\/\/daniel-behmenburg.de\/index.php?rest_route=\/wp\/v2\/posts\/18\/revisions"}],"wp:attachment":[{"href":"https:\/\/daniel-behmenburg.de\/index.php?rest_route=%2Fwp%2Fv2%2Fmedia&parent=18"}],"wp:term":[{"taxonomy":"category","embeddable":true,"href":"https:\/\/daniel-behmenburg.de\/index.php?rest_route=%2Fwp%2Fv2%2Fcategories&post=18"},{"taxonomy":"post_tag","embeddable":true,"href":"https:\/\/daniel-behmenburg.de\/index.php?rest_route=%2Fwp%2Fv2%2Ftags&post=18"}],"curies":[{"name":"wp","href":"https:\/\/api.w.org\/{rel}","templated":true}]}}