{"id":1786,"date":"2025-07-11T19:00:00","date_gmt":"2025-07-11T19:00:00","guid":{"rendered":"http:\/\/daniel-behmenburg.de\/?p=1786"},"modified":"2026-02-09T08:48:55","modified_gmt":"2026-02-09T08:48:55","slug":"bsv-gut-schuss-essen-fischlaken-07-e-v-rede-zum-totengedenken-auf-dem-bergfriedhof","status":"publish","type":"post","link":"https:\/\/daniel-behmenburg.de\/?p=1786","title":{"rendered":"BSV &#8222;Gut Schuss&#8220; Essen-Fischlaken 07 e.V. &#8211; Rede zum Totengedenken auf dem Bergfriedhof"},"content":{"rendered":"\n<p>Liebe Sch\u00fctzenschwestern und Sch\u00fctzenbr\u00fcder,<br>liebe G\u00e4ste,<\/p>\n\n\n\n<p>wir haben uns heute hier versammelt, um innezuhalten.<br>Bevor unser Sch\u00fctzenfest beginnt \u2013 mit Musik, Begegnung, Freude und Gemeinschaft \u2013 stehen wir still.<br>Denn ehe wir feiern, gedenken wir.<br>Ehe wir zusammenkommen, erinnern wir uns an jene, die nicht mehr unter uns sind.<\/p>\n\n\n\n<p>Dieser Moment geh\u00f6rt unseren Verstorbenen.<br>Den Kameradinnen und Kameraden unseres Vereins, den Menschen aus unseren Familien, unseren Freundeskreisen, unserer Nachbarschaft.<br>Wir denken an die, die uns \u00fcber viele Jahre begleitet haben, mit denen wir gemeinsam marschiert, gefeiert, gearbeitet und gelacht haben.<br>Manche Namen sind noch ganz nah. Andere verblassen mit der Zeit \u2013 doch vergessen sind sie nicht.<br>Sie leben weiter in unseren Erinnerungen, in Erz\u00e4hlungen, in dem, was sie uns hinterlassen haben.<\/p>\n\n\n\n<p>Jeder von ihnen hat auf seine Weise Spuren hinterlassen.<br>Nicht immer gro\u00dfe. Oft leise, kleine \u2013 aber bedeutende.<br>Eine helfende Hand. Ein stiller Dienst im Hintergrund. Ein gutes Wort zur rechten Zeit.<br>Unser Verein, unser Dorf, unsere Gemeinschaft w\u00e4ren nicht das, was sie heute sind, wenn es sie nicht gegeben h\u00e4tte.<\/p>\n\n\n\n<p>Heute denken wir besonders an:<\/p>\n\n\n\n<p>Helga Schulten, verstorben am 18.11.2023 im Alter von 91 Jahren<br>G\u00fcnter Krispin, verstorben am 28.04.2024 im Alter von 72 Jahren.<\/p>\n\n\n\n<p>Ich glaube, das ist einer der gro\u00dfen Werte des Sch\u00fctzenwesens:<br>Dass wir erinnern. Dass wir dankbar sind.<br>Und dass wir uns immer wieder bewusst machen, wie viel wir denen verdanken, die vor uns da waren.<\/p>\n\n\n\n<p>Doch unser Gedenken endet nicht am Rand unseres Vereins.<br>Es reicht weiter.<\/p>\n\n\n\n<p>Gerade in diesen bewegten Zeiten sp\u00fcren wir deutlich: Die Welt um uns herum ist alles andere als friedlich.<br>Wir sehen Kriege in Europa \u2013 allen voran den brutalen Angriffskrieg Russlands gegen die Ukraine.<br>Wir sehen Gewalt und Leid im Nahen Osten, in Afrika, an vielen Orten, von denen fr\u00fcher kaum jemand sprach.<br>Wir erleben, wie Millionen Menschen ihre Heimat verlieren \u2013 durch Bomben, durch Verfolgung, durch Hunger.<\/p>\n\n\n\n<p>Diese Bilder lassen uns nicht kalt. Sie d\u00fcrfen uns nicht kalt lassen.<br>Denn sie f\u00fchren uns vor Augen, was f\u00fcr ein Gl\u00fcck es ist, in Frieden zu leben.<br>Was es hei\u00dft, sich sicher zu f\u00fchlen, gemeinsam zu feiern, sich ohne Angst begegnen zu k\u00f6nnen.<\/p>\n\n\n\n<p>Und sie mahnen uns: Frieden ist kein Naturgesetz. Er ist keine Selbstverst\u00e4ndlichkeit.<br>Er muss gepflegt werden \u2013 durch Respekt, durch Miteinander, durch Haltung.<\/p>\n\n\n\n<p>Vielleicht ist es gerade in Momenten wie diesem wichtig, sich daran zu erinnern.<br>Dass es nicht nur darauf ankommt, wie laut man spricht, sondern auch, wie gut man zuh\u00f6rt.<br>Nicht nur, wie man auftritt, sondern wie man einsteht \u2013 f\u00fcr andere, f\u00fcr Werte, f\u00fcr den Zusammenhalt.<\/p>\n\n\n\n<p>Auch das ist Teil unseres Sch\u00fctzenwesens.<br>Dass wir Gemeinschaft leben \u2013 auch \u00fcber Grenzen hinweg.<br>Dass wir Verantwortung tragen \u2013 nicht nur in der R\u00fcckschau, sondern auch im Hier und Jetzt.<\/p>\n\n\n\n<p>Denn unsere Toten mahnen uns.<br>Nicht mit erhobenem Zeigefinger, sondern mit ihrer Geschichte.<br>Mit dem, was sie erlebt und erlitten haben.<br>Mit dem, was sie uns mitgegeben haben \u2013 an Menschlichkeit, an Erfahrung, an Haltung.<\/p>\n\n\n\n<p>Ich denke oft, dass viele von ihnen uns heute zurufen w\u00fcrden:<br>Bewahrt das, was uns verbunden hat.<br>Pflegt, was euch tr\u00e4gt.<br>Schaut nicht nur auf das Eigene \u2013 sondern auch auf das, was ihr f\u00fcr andere sein k\u00f6nnt.<\/p>\n\n\n\n<p>Das ist keine kleine Aufgabe. Aber es ist eine, die uns als Gemeinschaft auszeichnet.<br>Denn wir sind nicht nur ein Verein mit Uniformen und Traditionen.<br>Wir sind eine Gemeinschaft mit Werten.<br>Und in dieser Gemeinschaft hat das Erinnern seinen festen Platz.<\/p>\n\n\n\n<p>Erinnern ist nicht nur R\u00fcckblick.<br>Es ist auch Verpflichtung.<br>Eine Br\u00fccke zwischen Vergangenheit und Zukunft.<br>Ein Zeichen von Dankbarkeit \u2013 und von Haltung.<\/p>\n\n\n\n<p>Und so stehen wir heute hier.<br>In stiller Verbundenheit.<br>Mit unseren Verstorbenen.<br>Mit allen, die trauern.<br>Mit allen, die heute auf der Welt um das Leben k\u00e4mpfen.<br>Und auch mit denen, die nicht vergessen werden d\u00fcrfen.<\/p>\n\n\n\n<p>Lasst uns nun gemeinsam einen Moment innehalten.<br>F\u00fcr all jene, die uns im Herzen begleiten.<br>F\u00fcr all jene, deren Leben durch Krieg und Gewalt zu fr\u00fch beendet wurde.<br>F\u00fcr die Hoffnung auf Frieden und Menschlichkeit in dieser Welt.<\/p>\n\n\n\n<p>Ich bitte Euch um eine gemeinsame Minute der Stille.<\/p>\n\n\n\n<p><strong>(11. Juli 2025)<\/strong><strong><\/strong><\/p>\n","protected":false},"excerpt":{"rendered":"<p>Liebe Sch\u00fctzenschwestern und Sch\u00fctzenbr\u00fcder,liebe G\u00e4ste, wir haben uns heute hier versammelt, um innezuhalten.Bevor unser Sch\u00fctzenfest beginnt \u2013 mit Musik, Begegnung, Freude und Gemeinschaft \u2013 stehen wir still.Denn ehe wir feiern, gedenken wir.Ehe wir zusammenkommen, erinnern wir uns an jene, die nicht mehr unter uns sind. Dieser Moment geh\u00f6rt unseren Verstorbenen.Den [&hellip;]<\/p>\n","protected":false},"author":1,"featured_media":1787,"comment_status":"open","ping_status":"open","sticky":false,"template":"","format":"standard","meta":{"footnotes":""},"categories":[246],"tags":[],"class_list":["post-1786","post","type-post","status-publish","format-standard","has-post-thumbnail","hentry","category-rede"],"_links":{"self":[{"href":"https:\/\/daniel-behmenburg.de\/index.php?rest_route=\/wp\/v2\/posts\/1786","targetHints":{"allow":["GET"]}}],"collection":[{"href":"https:\/\/daniel-behmenburg.de\/index.php?rest_route=\/wp\/v2\/posts"}],"about":[{"href":"https:\/\/daniel-behmenburg.de\/index.php?rest_route=\/wp\/v2\/types\/post"}],"author":[{"embeddable":true,"href":"https:\/\/daniel-behmenburg.de\/index.php?rest_route=\/wp\/v2\/users\/1"}],"replies":[{"embeddable":true,"href":"https:\/\/daniel-behmenburg.de\/index.php?rest_route=%2Fwp%2Fv2%2Fcomments&post=1786"}],"version-history":[{"count":1,"href":"https:\/\/daniel-behmenburg.de\/index.php?rest_route=\/wp\/v2\/posts\/1786\/revisions"}],"predecessor-version":[{"id":1788,"href":"https:\/\/daniel-behmenburg.de\/index.php?rest_route=\/wp\/v2\/posts\/1786\/revisions\/1788"}],"wp:featuredmedia":[{"embeddable":true,"href":"https:\/\/daniel-behmenburg.de\/index.php?rest_route=\/wp\/v2\/media\/1787"}],"wp:attachment":[{"href":"https:\/\/daniel-behmenburg.de\/index.php?rest_route=%2Fwp%2Fv2%2Fmedia&parent=1786"}],"wp:term":[{"taxonomy":"category","embeddable":true,"href":"https:\/\/daniel-behmenburg.de\/index.php?rest_route=%2Fwp%2Fv2%2Fcategories&post=1786"},{"taxonomy":"post_tag","embeddable":true,"href":"https:\/\/daniel-behmenburg.de\/index.php?rest_route=%2Fwp%2Fv2%2Ftags&post=1786"}],"curies":[{"name":"wp","href":"https:\/\/api.w.org\/{rel}","templated":true}]}}