{"id":1782,"date":"2025-07-08T08:03:27","date_gmt":"2025-07-08T08:03:27","guid":{"rendered":"https:\/\/daniel-behmenburg.de\/?p=1782"},"modified":"2025-07-08T08:03:38","modified_gmt":"2025-07-08T08:03:38","slug":"spd-essen-beschliesst-programm-zur-kommunalwahl","status":"publish","type":"post","link":"https:\/\/daniel-behmenburg.de\/?p=1782","title":{"rendered":"SPD Essen beschlie\u00dft Programm zur Kommunalwahl"},"content":{"rendered":"\n<p>Open-Air-Parteitag mitten in der Stadt sendet Signal des Aufbruchs.<\/p>\n\n\n\n<p>Die SPD Essen hat am Donnerstag (03.07.) ihr Wahlprogramm zur Kommunalwahl 2025 beschlossen \u2013 unter freiem Himmel, mitten auf dem Burgplatz. \u201ePolitik muss raus zu den Menschen\u201c, so <strong>Oberb\u00fcrgermeisterkandidatin Julia Klewin.<\/strong> \u201eDeshalb tagen wir heute nicht hinter verschlossenen T\u00fcren, sondern drau\u00dfen \u2013 mitten in unserer Stadt, mitten im Leben.\u201c<\/p>\n\n\n\n<p>Die Atmosph\u00e4re auf dem historischen Platz war gepr\u00e4gt von Aufbruch und Entschlossenheit. Zahlreiche Parteimitglieder und interessierte B\u00fcrgerinnen und B\u00fcrger h\u00f6rten zu, als Klewin in ihrer programmatischen Rede eine klare Richtung f\u00fcr Essen vorgab: Weg vom Stillstand der letzten Jahre, hin zu einer Stadt, die wieder funktioniert \u2013 f\u00fcr alle.<\/p>\n\n\n\n<p>\u201eHeimat ist nicht nur da, wo es hell ist \u2013 sondern da, wo man sich nicht verstecken muss\u201c, betonte Klewin. Und weiter: \u201eEssen braucht eine neue Politik, die nicht mit gro\u00dfen Versprechen beginnt, sondern mit kleinen Dingen, die dann einfach besser laufen.\u201c In ihrer Rede spannte sie den Bogen von einer leistungsf\u00e4higen Verwaltung \u00fcber bezahl-baren Wohnraum bis hin zu mehr Sicherheit und besserer Bildung.<\/p>\n\n\n\n<p>Ein Programm, das den Alltag der Menschen in den Mittelpunkt stellt<\/p>\n\n\n\n<p>Das einstimmig beschlossene Programm ist eine klare Absage an die jahrelange Politik des Vertagens unter der aktuellen Stadtspitze \u2013 und ein Angebot an alle Essenerinnen und Essener, die sich eine verl\u00e4ssliche, soziale und handlungsf\u00e4hige Stadt w\u00fcnschen.<\/p>\n\n\n\n<p><strong>Die SPD will unter anderem&#8230;<\/strong><\/p>\n\n\n\n<ul class=\"wp-block-list\">\n<li>die Verwaltung entschlacken und b\u00fcrgern\u00e4her machen: mit besserer Erreichbarkeit, mehr Personal, digitalen Angeboten, die wirklich funktionieren, und einer zentralen Servicenummer f\u00fcr alle Anliegen.<\/li>\n\n\n\n<li>den sozialen Wohnungsbau wieder st\u00e4rken: durch klare Quoten f\u00fcr bezahlbaren Wohnraum, den Stopp von Spekulation und Leerstand sowie die gezielte Sanierung st\u00e4dtischer Geb\u00e4ude.<\/li>\n\n\n\n<li>Sicherheit im Alltag sp\u00fcrbar verbessern: durch mehr Pr\u00e4senz des Ordnungsdienstes, die Aufwertung \u00f6ffentlicher R\u00e4ume und gezielte Pr\u00e4vention \u2013 etwa durch Jugendangebote und Quartiersarbeit.<\/li>\n\n\n\n<li>Bildung und Betreuung ausbauen: mit einer hundertprozentigen Betreuungsgarantie, kostenfreien warmen Mahlzeiten in Kitas und Grundschulen, Investitionen in Schulgeb\u00e4ude, kleinere Klassen und mehr Unterst\u00fctzung f\u00fcr Lehrkr\u00e4fte.<\/li>\n\n\n\n<li>Arbeit mit Zukunft schaffen: durch die F\u00f6rderung von Branchen wie Pflege, Digitalisierung und Klimaschutz, durch gezielte Ausbildungsoffensiven und Weiterbildung f\u00fcr alle Generationen.<\/li>\n<\/ul>\n\n\n\n<p>\u201eWas wir wollen, ist eine Stadt, die ihren B\u00fcrgerinnen und B\u00fcrgern nicht im Weg steht, sondern ihnen den R\u00fccken st\u00e4rkt\u201c, so Klewin. \u201eEine Stadt, die zuh\u00f6rt, die sich k\u00fcmmert, die funktioniert.\u201c<\/p>\n\n\n\n<p><strong>Ein Parteitag, der Haltung zeigt<\/strong><\/p>\n\n\n\n<p>Auch <strong>Frank M\u00fcller, Landtagsabgeordneter und Vorsitzender der SPD Essen<\/strong>, unterstrich die Bedeutung des Parteitags \u2013 sowohl inhaltlich als auch symbolisch: \u201eEin einstimmiges Votum an einem Ort in unserer Stadt, an dem das Leben tobt \u2013 das zeigt, dass wir entschlossen sind, es besser zu machen als die gerade zerbrochene schwarz-gr\u00fcne Kooperation. Und dass wir es ernst meinen. Die SPD ist bereit, Verantwortung zu \u00fcbernehmen und Essen wieder in Bewegung zu bringen.\u201c<\/p>\n\n\n\n<p>Mit dem Programmparteitag hat die SPD Essen ein klares Signal gesendet \u2013 gegen Stillstand, f\u00fcr Fortschritt, Zusammenhalt und eine Stadt, in der der Alltag wieder gelingt.<\/p>\n\n\n\n<p>Jetzt beginnt die hei\u00dfe Phase des Wahlkampfs. Und die SPD geht mit einem starken Programm und einer klaren Botschaft an den Start:&nbsp;Essen kann mehr \u2013 und wir fangen jetzt damit an.<\/p>\n","protected":false},"excerpt":{"rendered":"<p>Open-Air-Parteitag mitten in der Stadt sendet Signal des Aufbruchs. Die SPD Essen hat am Donnerstag (03.07.) ihr Wahlprogramm zur Kommunalwahl 2025 beschlossen \u2013 unter freiem Himmel, mitten auf dem Burgplatz. \u201ePolitik muss raus zu den Menschen\u201c, so Oberb\u00fcrgermeisterkandidatin Julia Klewin. \u201eDeshalb tagen wir heute nicht hinter verschlossenen T\u00fcren, sondern drau\u00dfen [&hellip;]<\/p>\n","protected":false},"author":1,"featured_media":1783,"comment_status":"open","ping_status":"open","sticky":false,"template":"","format":"standard","meta":{"footnotes":""},"categories":[1],"tags":[],"class_list":["post-1782","post","type-post","status-publish","format-standard","has-post-thumbnail","hentry","category-uncategorized"],"_links":{"self":[{"href":"https:\/\/daniel-behmenburg.de\/index.php?rest_route=\/wp\/v2\/posts\/1782","targetHints":{"allow":["GET"]}}],"collection":[{"href":"https:\/\/daniel-behmenburg.de\/index.php?rest_route=\/wp\/v2\/posts"}],"about":[{"href":"https:\/\/daniel-behmenburg.de\/index.php?rest_route=\/wp\/v2\/types\/post"}],"author":[{"embeddable":true,"href":"https:\/\/daniel-behmenburg.de\/index.php?rest_route=\/wp\/v2\/users\/1"}],"replies":[{"embeddable":true,"href":"https:\/\/daniel-behmenburg.de\/index.php?rest_route=%2Fwp%2Fv2%2Fcomments&post=1782"}],"version-history":[{"count":2,"href":"https:\/\/daniel-behmenburg.de\/index.php?rest_route=\/wp\/v2\/posts\/1782\/revisions"}],"predecessor-version":[{"id":1785,"href":"https:\/\/daniel-behmenburg.de\/index.php?rest_route=\/wp\/v2\/posts\/1782\/revisions\/1785"}],"wp:featuredmedia":[{"embeddable":true,"href":"https:\/\/daniel-behmenburg.de\/index.php?rest_route=\/wp\/v2\/media\/1783"}],"wp:attachment":[{"href":"https:\/\/daniel-behmenburg.de\/index.php?rest_route=%2Fwp%2Fv2%2Fmedia&parent=1782"}],"wp:term":[{"taxonomy":"category","embeddable":true,"href":"https:\/\/daniel-behmenburg.de\/index.php?rest_route=%2Fwp%2Fv2%2Fcategories&post=1782"},{"taxonomy":"post_tag","embeddable":true,"href":"https:\/\/daniel-behmenburg.de\/index.php?rest_route=%2Fwp%2Fv2%2Ftags&post=1782"}],"curies":[{"name":"wp","href":"https:\/\/api.w.org\/{rel}","templated":true}]}}