{"id":1757,"date":"2024-06-26T15:07:39","date_gmt":"2024-06-26T15:07:39","guid":{"rendered":"http:\/\/daniel-behmenburg.de\/?p=1757"},"modified":"2024-06-26T15:07:40","modified_gmt":"2024-06-26T15:07:40","slug":"ratsrede-zum-thema-verstetigung-der-grillzonen","status":"publish","type":"post","link":"https:\/\/daniel-behmenburg.de\/?p=1757","title":{"rendered":"Ratsrede zum Thema &#8222;Verstetigung der Grillzonen&#8220;"},"content":{"rendered":"\n<p><em>Sehr geehrter Herr Oberb\u00fcrgermeister,<\/em> <em>liebe Kolleginnen und Kollegen,<\/em><\/p>\n\n\n\n<p>vorneweg: auch wenn wir uns heute bei diesem Antrag enthalten werden, sind wir alle nicht weit voneinander entfernt. Das ist wichtig und das sollten wir bei allen verschiedenen Meinungen im Detail nicht vergessen \u2013 auch als Signal an die Menschen in unserer Stadt.<\/p>\n\n\n\n<p>Ich glaube uns alle eint der Wille, eine Situation, die wir als nicht tragbar ansehen, verbessern zu wollen. Uns einte auch der Wille, mit ausgewiesenen Grillzonen, einem Wildwuchs und den damit verbundenen Beschwerden vieler B\u00fcrgerinnen und B\u00fcrger unserer Stadt entgegenwirken zu wollen.<\/p>\n\n\n\n<p>Vielleicht eint uns heute sogar die Erkenntnis, dass das \u2013 gut gemeinte \u2013 System der Grillzonen in dieser Form vielleicht gescheitert aber zumindest \u00fcberdenkenswert ist. Zumindest ist die Anzahl der Beschwerden nicht weniger geworden, diese sind nur etwas zentralisiert worden. Mehr noch, gef\u00fchlt hat die Anzahl der Zuschriften, das betrifft zumindest mein Email-Postfach, zugenommen.<\/p>\n\n\n\n<p>Das was uns heute trennt: wir glauben nicht, dass wir mit diesem Antrag zu diesem Zeitpunkt etwas verbessern und an einigen Punkten ohnehin bereits gelebte Praxis nur wiederholen.<\/p>\n\n\n\n<p>Ich m\u00f6chte kurz auf die einzelnen Punkte kurz eingehen:<\/p>\n\n\n\n<p><strong>Stichwort: \u00d6kotoiletten<\/strong><\/p>\n\n\n\n<p>Mit Datum vom 27. Februar hat die Verwaltung uns mitgeteilt, dass an der Grillzone im Stadtgarten eine \u00d6ko-Toilette als Alternative zur Chemietoilette erprobt wird. Die hier angek\u00fcndigte Evaluierung w\u00fcrden wir gerne abwarten.<\/p>\n\n\n\n<p><strong>Stichwort: Zufahrtsregelung im L\u00f6wental<\/strong><\/p>\n\n\n\n<p>Die aktuelle Zufahrtregelung ist nach Veraltungsaussage ohnehin f\u00fcr diese ganze Grillsaison vorgesehen.<\/p>\n\n\n\n<p><strong>Stichwort: bewirtschaftete Grillfl\u00e4chen &amp; feste Grillpl\u00e4tze<\/strong><\/p>\n\n\n\n<p>Insbesondere wenn man die Auswirkungen einer Bewirtschaftung auf das Grillverhalten erheben m\u00f6chte, dann m\u00fcsste man dieses System auf alle Grillzonen beziehen.<\/p>\n\n\n\n<p>Ansonsten sind Verdr\u00e4ngungseffekte die Folge, die keine richtigen R\u00fcckschl\u00fcsse auf die Wirkungen der Ma\u00dfnahme zulassen.<\/p>\n\n\n\n<p>Und bei einmaliger Einrichtung der technischen Voraussetzungen eines Reservierungs- und Bezahlsystems ist die Anzahl der nachher einbezogenen Fl\u00e4chen doch eigentlich auch kein Hindernis mehr.<\/p>\n\n\n\n<p>Wir m\u00fcssten diesen Punkt aber auch ein wenig mehr mit Leben f\u00fcllen und der Verwaltung unsere Vorstellungen an die Hand geben. Wieviel Grillpl\u00e4tze braucht man pro Standort? 2? 5? 10? 20? 50? Wieviel Personen sind pro Grillplatz maximal sinnvoll, um angrenzende Grillpl\u00e4tze nicht zu st\u00f6ren? Bucht man stundenweise? F\u00fcr den ganzen Tag? Wie verhindert man, dass einzelne Personen sich die ganze Saison blocken? Wie stellen wir uns hier die Kontrollen vor? Und wo kommt das Personal daf\u00fcr her? Und ich k\u00f6nnte noch viele weitere Fragezeichen anf\u00fchren.<\/p>\n\n\n\n<p><strong>Stichwort: Konzept soll den Gremien zur Beschlussfassung vorgelegt werden<\/strong><\/p>\n\n\n\n<p>Wenn man hier zumindest den Ausschuss f\u00fcr \u00f6ffentliche Ordnung und die Bezirksvertretung IX als ma\u00dfgebliche Gremien sieht, dann k\u00f6nnte eine Beschlussfassung im Rat fr\u00fchestens am 25. September erfolgen. Wobei das schon sehr ambitioniert ist, wenn man ber\u00fccksichtigt, dass die Bezirksvertretung IX erst einen Tag vorher tagt.<\/p>\n\n\n\n<p>Die Installation fester Grillpl\u00e4tze sowie die Scharfschaltung eines Buchungssystems und die Organisation entsprechender Kontrollen k\u00f6nnte also erst Anfang Oktober erfolgen. Wenn man wohlwollend einen Vorlauf von zwei Wochen auf Seiten der Verwaltung veranschlagt, dann haben wir Mitte Oktober.<\/p>\n\n\n\n<p>Bei allem gebotenen Respekt: Dann ist die Grillsaison auch schon so gut wie vorbei. Wie soll dann bis zu diesem Zeitpunkt eine Evaluation vorgelegt werden, wenn das Pilotprojekt da noch nicht einmal gestartet ist? Und dann stellt sich hier die Frage, warum dieser Antrag zu diesem Zeitpunkt.<\/p>\n\n\n\n<p><em>Liebe Kolleginnen und Kollegen,<\/em><\/p>\n\n\n\n<p>wir werden das Problem in dieser Saison nicht mehr in der Tiefe, wie es in dem Antrag gefordert wird, gel\u00f6st bekommen. Das geh\u00f6rt zur Ehrlichkeit hinzu.<\/p>\n\n\n\n<p>Dann nehmen wir uns doch gemeinsam Zeit. Zeit, um die Herausforderungen zur Thematik \u201eGrillen im \u00f6ffentlichen Raum\u201c gemeinsam zu diskutieren. Gerne auch mit der Idee von bewirtschafteten und fest installierten Grillpl\u00e4tzen. Dass ich pers\u00f6nlich dieser Idee gegen\u00fcber sehr aufgeschlossen bin, ist ja kein Geheimnis.<\/p>\n\n\n\n<p>Deshalb unsere Bitte: Stellen sie den Antrag erst einmal zur\u00fcck und<\/p>\n\n\n\n<p>lassen sie uns gemeinsam dar\u00fcber sprechen, ob und wie wir mit dem Konzept der Grillzonen weitermachen wollen. Lassen Sie uns dann gemeinsam mit einem Konzept f\u00fcr die Grillsaison 2025 nach drau\u00dfen gehen, welches die Verwaltung fr\u00fchzeitig umsetzen und das dann zum Saisonbeginn am 1. April starten.<\/p>\n","protected":false},"excerpt":{"rendered":"<p>Sehr geehrter Herr Oberb\u00fcrgermeister, liebe Kolleginnen und Kollegen, vorneweg: auch wenn wir uns heute bei diesem Antrag enthalten werden, sind wir alle nicht weit voneinander entfernt. Das ist wichtig und das sollten wir bei allen verschiedenen Meinungen im Detail nicht vergessen \u2013 auch als Signal an die Menschen in unserer [&hellip;]<\/p>\n","protected":false},"author":1,"featured_media":1758,"comment_status":"closed","ping_status":"open","sticky":false,"template":"","format":"standard","meta":{"footnotes":""},"categories":[246],"tags":[320,319,104],"class_list":["post-1757","post","type-post","status-publish","format-standard","has-post-thumbnail","hentry","category-rede","tag-grillen","tag-grillzonen","tag-loewental"],"_links":{"self":[{"href":"https:\/\/daniel-behmenburg.de\/index.php?rest_route=\/wp\/v2\/posts\/1757","targetHints":{"allow":["GET"]}}],"collection":[{"href":"https:\/\/daniel-behmenburg.de\/index.php?rest_route=\/wp\/v2\/posts"}],"about":[{"href":"https:\/\/daniel-behmenburg.de\/index.php?rest_route=\/wp\/v2\/types\/post"}],"author":[{"embeddable":true,"href":"https:\/\/daniel-behmenburg.de\/index.php?rest_route=\/wp\/v2\/users\/1"}],"replies":[{"embeddable":true,"href":"https:\/\/daniel-behmenburg.de\/index.php?rest_route=%2Fwp%2Fv2%2Fcomments&post=1757"}],"version-history":[{"count":1,"href":"https:\/\/daniel-behmenburg.de\/index.php?rest_route=\/wp\/v2\/posts\/1757\/revisions"}],"predecessor-version":[{"id":1759,"href":"https:\/\/daniel-behmenburg.de\/index.php?rest_route=\/wp\/v2\/posts\/1757\/revisions\/1759"}],"wp:featuredmedia":[{"embeddable":true,"href":"https:\/\/daniel-behmenburg.de\/index.php?rest_route=\/wp\/v2\/media\/1758"}],"wp:attachment":[{"href":"https:\/\/daniel-behmenburg.de\/index.php?rest_route=%2Fwp%2Fv2%2Fmedia&parent=1757"}],"wp:term":[{"taxonomy":"category","embeddable":true,"href":"https:\/\/daniel-behmenburg.de\/index.php?rest_route=%2Fwp%2Fv2%2Fcategories&post=1757"},{"taxonomy":"post_tag","embeddable":true,"href":"https:\/\/daniel-behmenburg.de\/index.php?rest_route=%2Fwp%2Fv2%2Ftags&post=1757"}],"curies":[{"name":"wp","href":"https:\/\/api.w.org\/{rel}","templated":true}]}}