{"id":1744,"date":"2024-05-06T09:52:20","date_gmt":"2024-05-06T09:52:20","guid":{"rendered":"http:\/\/daniel-behmenburg.de\/?p=1744"},"modified":"2024-05-06T09:55:39","modified_gmt":"2024-05-06T09:55:39","slug":"sanierung-der-schaeden-im-bereich-hoesel-muss-bei-deutscher-bahn-hoechste-prioritaet-haben","status":"publish","type":"post","link":"https:\/\/daniel-behmenburg.de\/?p=1744","title":{"rendered":"Sanierung der Sch\u00e4den im Bereich H\u00f6sel muss bei Deutscher Bahn h\u00f6chste Priorit\u00e4t haben"},"content":{"rendered":"\n<p>\u00dcber zweij\u00e4hrige Sperrung f\u00fcr weitere notwendige Arbeiten nutzen.<\/p>\n\n\n\n<p>Die Deutsche Bahn hat mitgeteilt, dass die Streckensperrung der S6 am Bahnhof H\u00f6sel noch f\u00fcr \u00fcber zwei Jahre bestehen bleibt. F\u00fcr die Menschen entlang der S6-Strecke ein verkehrstechnischer \u201eSuper-Gau\u201c. F\u00fcr viele nunmehr der Punkt, nach ohnehin zerm\u00fcrbenden Jahren mit der S6, wieder \u00fcber einen Umstieg aufs Auto nachzudenken. Eine Situation, die auch die Kettwiger SPD kopfsch\u00fcttelnd zur\u00fcckl\u00e4sst.<\/p>\n\n\n\n<p>\u201eDie jetzige Situation kam nicht ganz ohne Ansage. Neben den geplanten wochenlangen Sperrungen w\u00e4hrend der Sommerferien ist diese Strecke in h\u00f6chstem Ma\u00dfe f\u00fcr Fehler anf\u00e4llig, was zu h\u00e4ufigen Ausf\u00e4llen, Versp\u00e4tungen und teils tagelangen Streckensperrungen gef\u00fchrt hat. Mehr als frustrierend f\u00fcr die Nutzerinnen und Nutzer, zumal zwischen Stadtwald und Kettwig auch eine zeitnahe Alternative fehlt. Mangelnde oder versp\u00e4tete Hinweise \u00fcber Ansagen und die App tragen noch ihren Teil zu der Situation bei. Seit Jahren ist der Ruf aus der Bev\u00f6lkerung wie aber auch aus Expertenkreisen zu h\u00f6ren, sich mit der Strecke der S6 zwischen Kettwig und Rath einmal ganzheitlich zu befassen, statt immer nur Einzelteile zu reparieren. Diese Ma\u00dfnahme muss nun h\u00f6chste Priorit\u00e4t bei der Deutschen Bahn haben. Man muss aber auch schauen, dass die Bauzeit sinnvoll genutzt wird und die Belastungen w\u00e4hrend dieser Phase minimiert werden\u201c, so der Kettwiger Ratsherr und Vorsitzender der SPD in Kettwig Daniel Behmenburg.<\/p>\n\n\n\n<p>Behmenburg hat sich in einem Schreiben an die Deutsche Bahn mit der Forderung gewandt, weitere notwendige Arbeiten w\u00e4hrend der langen Sperrung direkt auch abzuarbeiten sowie Verbesserungen beim Schienenersatzverkehr angeregt:<\/p>\n\n\n\n<ul class=\"wp-block-list\">\n<li>Ersatz des Stellwerks in H\u00f6sel (und ggf. in Ratingen Ost) durch elektronische Stellwerke.<\/li>\n\n\n\n<li>Pr\u00fcfung der Sanierung des Haltepunktes Kettwig-Stausee, zum Beispiel Ausbesserung bzw. Erneuerung der Treppen, Erweiterung des Wetterschutzunterstandes und Erh\u00f6hung der Sitzplatzkapazit\u00e4ten sowie Herstellung von Barrierefreiheit.<\/li>\n\n\n\n<li>Erarbeiten von Kontrollroutinen, damit die Strecke nicht wieder in einen Zustand wie aktuell verf\u00e4llt.<\/li>\n\n\n\n<li>Kurzfristige Bedienung der Bahnstation Ratingen-Ost durch die S6 Fahrtrichtung D\u00fcsseldorf auch wochentags im Zeitraum von 20.00 Uhr bis 4.30 Uhr sowie an den Wochenenden. Bei Problemen mit der Taktung und den Anschl\u00fcssen kann in dem Zusammenhang eine Splittung der Linie S6 am D\u00fcsseldorfer Hauptbahnhof gepr\u00fcft werden.<\/li>\n\n\n\n<li>Ausweitung der Kapazit\u00e4ten auf zwei Busse des Schienenersatzverkehrs bei jeder Fahrt zu den Sto\u00dfzeiten (so wie es bei vorangegangenen Sperrungen auch schon der Fall war).<\/li>\n<\/ul>\n\n\n\n<p>\u201eDiese Linie muss wieder zu einer zuverl\u00e4ssigen Verbindung gemacht werden, die den Essener S\u00fcden entlang des Ruhrtals an Ratingen, D\u00fcsseldorf und K\u00f6ln anbindet. Dar\u00fcber hinaus w\u00fcrde die Linie mit der Anbindung des Baldeneysees mit seinen Gro\u00dfveranstaltungen sowohl sportlich wie musikalisch und der historischen Stadtteile Kettwig und Werden dann auch ihrer touristischen Bedeutung gerecht\u201c, so Behmenburg abschlie\u00dfend.<\/p>\n","protected":false},"excerpt":{"rendered":"<p>\u00dcber zweij\u00e4hrige Sperrung f\u00fcr weitere notwendige Arbeiten nutzen. Die Deutsche Bahn hat mitgeteilt, dass die Streckensperrung der S6 am Bahnhof H\u00f6sel noch f\u00fcr \u00fcber zwei Jahre bestehen bleibt. F\u00fcr die Menschen entlang der S6-Strecke ein verkehrstechnischer \u201eSuper-Gau\u201c. F\u00fcr viele nunmehr der Punkt, nach ohnehin zerm\u00fcrbenden Jahren mit der S6, wieder [&hellip;]<\/p>\n","protected":false},"author":1,"featured_media":1745,"comment_status":"open","ping_status":"open","sticky":false,"template":"","format":"standard","meta":{"footnotes":""},"categories":[6],"tags":[],"class_list":["post-1744","post","type-post","status-publish","format-standard","has-post-thumbnail","hentry","category-kettwig"],"_links":{"self":[{"href":"https:\/\/daniel-behmenburg.de\/index.php?rest_route=\/wp\/v2\/posts\/1744","targetHints":{"allow":["GET"]}}],"collection":[{"href":"https:\/\/daniel-behmenburg.de\/index.php?rest_route=\/wp\/v2\/posts"}],"about":[{"href":"https:\/\/daniel-behmenburg.de\/index.php?rest_route=\/wp\/v2\/types\/post"}],"author":[{"embeddable":true,"href":"https:\/\/daniel-behmenburg.de\/index.php?rest_route=\/wp\/v2\/users\/1"}],"replies":[{"embeddable":true,"href":"https:\/\/daniel-behmenburg.de\/index.php?rest_route=%2Fwp%2Fv2%2Fcomments&post=1744"}],"version-history":[{"count":1,"href":"https:\/\/daniel-behmenburg.de\/index.php?rest_route=\/wp\/v2\/posts\/1744\/revisions"}],"predecessor-version":[{"id":1746,"href":"https:\/\/daniel-behmenburg.de\/index.php?rest_route=\/wp\/v2\/posts\/1744\/revisions\/1746"}],"wp:featuredmedia":[{"embeddable":true,"href":"https:\/\/daniel-behmenburg.de\/index.php?rest_route=\/wp\/v2\/media\/1745"}],"wp:attachment":[{"href":"https:\/\/daniel-behmenburg.de\/index.php?rest_route=%2Fwp%2Fv2%2Fmedia&parent=1744"}],"wp:term":[{"taxonomy":"category","embeddable":true,"href":"https:\/\/daniel-behmenburg.de\/index.php?rest_route=%2Fwp%2Fv2%2Fcategories&post=1744"},{"taxonomy":"post_tag","embeddable":true,"href":"https:\/\/daniel-behmenburg.de\/index.php?rest_route=%2Fwp%2Fv2%2Ftags&post=1744"}],"curies":[{"name":"wp","href":"https:\/\/api.w.org\/{rel}","templated":true}]}}