{"id":1736,"date":"2024-02-03T19:00:00","date_gmt":"2024-02-03T19:00:00","guid":{"rendered":"http:\/\/daniel-behmenburg.de\/?p=1736"},"modified":"2024-02-04T10:53:34","modified_gmt":"2024-02-04T10:53:34","slug":"laudatio-auf-die-neuen-ehrensenatoren-der-1-grossen-kg-voell-freud","status":"publish","type":"post","link":"https:\/\/daniel-behmenburg.de\/?p=1736","title":{"rendered":"Laudatio auf die neuen Ehrensenatoren der 1. Gro\u00dfen KG V\u00f6ll Freud"},"content":{"rendered":"\n<p>Liebe Freundinnen und Freunde des n\u00e4rrischen Brauchtums,<\/p>\n\n\n\n<p>da hat sie wieder begonnen die 5. Jahreszeit. Die jecken Wochen. Die Zeit der Ausgelassenheit, des Frohsinns und der Sitzungen und Umz\u00fcge. Eine Zeit, die Menschen landauf landab begeistert und auch vielfach die Sorgen des Alltags f\u00fcr einen Moment vergessen l\u00e4sst. Die Zeit von leuchtenden Kinderaugen und feiernden Erwachsenen.<\/p>\n\n\n\n<p>Alles nur m\u00f6glich, durch die Arbeit der Vereine. Und diese leben von den Menschen, die sich hier ehrenamtlich engagieren. Deshalb an dieser Stelle danke an all die Aktiven, die sich einen Verein gesucht haben. Manchmal sind es aber auch die Vereine, die Ihre Aktiven suchen, die Botschafter, Multiplikatoren und Gesichter des Brauchtums sein sollen. Zwei von diesen Menschen wollen wir heut ein unseren Kreis aufnehmen und mir kommt die Ehre zu, sie Euch vorzustellen.<\/p>\n\n\n\n<p>Beide kommen aus der ehrenamtlichen Kommunalpolitik. Und hier kommt auch schon die erste Bitte auf Euch als politischer Vertreter zu. Es muss vorderste Aufgabe von Euch Demokratinnen und Demokraten sein, Vertrauen in unsere Volksvertreter wieder herzustellen, damit wir auch in 5 Jahren den Karneval noch so feiern k\u00f6nnen, wie wir ihn kennen: Den Menschen zugewandt. Allen Menschen zugewandt. Und da Karneval immer unparteiisch aber nie unpolitisch ist, lasst mich au\u00dfer der Reihe einen Satz erg\u00e4nzen, der mir gerade in der heutigen Zeit wichtig ist: Der Karneval umarmt alle, die friedlich feiern m\u00f6chten \u2013 ohne Ansehen der Hautfarbe oder der Nationalit\u00e4t. F\u00fcr den Karneval gibt es kein Andersaussehend, Andersliebend oder Anderslebend. Im Karneval sind wir alle Fastelovend. Im Karneval ist kein Platz f\u00fcr Hass, Fremdenfeindlichkeit und Ausgrenzung. Wir sind jeck, wir sind bunt, wir sind weltoffen. Das bleiben wir! Das lassen wir uns nicht nehmen.<\/p>\n\n\n\n<p>Aber kommen wir zu unseren beiden besonderen G\u00e4sten heute. Ich darf \u00fcber alles reden wurde mir im Vorfeld gesagt, nur nicht \u00fcber sieben Minuten, deshalb m\u00f6chte ich mich nun ranhalten.<\/p>\n\n\n\n<p>Da ist zum einen <strong>Rolf Fliss<\/strong>. Vielen bekannt auch als der radelnde B\u00fcrgermeister. Sein Herz schl\u00e4gt nicht nur f\u00fcr K\u00e4sesahnetorten von Overbeck, die gute K\u00fcche, handbemalte Krawatten und Hawaii Hemden, letztere \u00fcbrigens auch au\u00dferhalb der 5. Jahreszeit, sondern ebenso f\u00fcr den Karneval.<\/p>\n\n\n\n<p>Er ist ein kompetenter Ansprechpartner in Sachen Brauchtum. Wenn er von einer Sache \u00fcberzeugt ist, dann sucht er \u00fcbrigens nicht immer den einfachen und unkomplizierten Weg, sondern setzt sich ein. Auch wenn er dann mal Gegenwind bekommt. Unsere Arbeit als 1. Gro\u00dfe Karnevalsgesellschaft V\u00f6ll Freud hat er immer sehr wohlwollend begleitet und unterst\u00fctzt. Seit 2004 ist er Stammgast bei unseren Galasitzungen.<\/p>\n\n\n\n<p>Pers\u00f6nlich haben wir uns in den gemeinsamen Jahren politischen Engagements, wenn auch in den Farben getrennt, besser kennen und sch\u00e4tzen gelernt. Das freut mich und ich bin mir sicher, das k\u00f6nnen wir bei V\u00f6ll Freud noch vertiefen.<\/p>\n\n\n\n<p>Und da ist <strong>Benjamin Brenk<\/strong>. Er ist nicht seit 2004 Stammgast unserer Sitzungen. Das mag aber daran liegen, dass \u2013 w\u00e4hrend Rolf knapp \u00fcber 40 Jahre alt ist \u2013 er knapp unter 40 Jahren Lebenserfahrung hat. Es bleibt also genug Zeit, aufzuholen.<\/p>\n\n\n\n<p>Benjamin ist sehr engagiert in der Jugendarbeit, hier besonders im Bereich des Fu\u00dfballs. Wie Rolf war er schon B\u00fcrgermeister, jedoch bei der kleinen Schwester des Stadtrates, in der Bezirksvertretung. Hier hat er sich als Bezirksb\u00fcrgermeister und aktuell als stellvertretender Bezirksb\u00fcrgermeister verdient gemacht. Dass er dabei eingefleischter Werdener ist, macht ihn f\u00fcr uns durchaus symphytisch. Und das sage ich als Kettwiger.<\/p>\n\n\n\n<p>Pers\u00f6nlich m\u00f6chte ich anmerken, dass Benjamin und ich etwas geschafft, was in der Politik und gerade innerhalb der eigenen Partei nicht ganz selbstverst\u00e4ndlich ist. Wir sind \u00fcber die Jahre gute Freunde geworden, die sich immer unterst\u00fctzt haben, auch privat. H\u00e4ufig kam mir dabei als \u00c4lterer, also knapp \u00e4lterer, die Rolle des Ratgebers zu. Deshalb freue ich mich, dass wir auch hier heute gemeinsam stehen. Bei allem konnten wir uns immer aufeinander verlassen. Ein Charakterzug, der mit Sicherheit im Karneval zu den besseren Tugenden geh\u00f6rt.<\/p>\n\n\n\n<p>Auch wenn man beide durchaus als karnevalaffin bezeichnen darf, sind Benjamin und Rolf jedoch nicht die Kategorie von Politikern, die die Ehrensenatorm\u00fctzen sammeln. Sie suchen stattdessen vorsichtig und mit Bedacht ihre Vereine aus. Dabei wird beiden eher ein Hang zum niveauvollen Karneval nachgesagt. Aktuell sind sie in keinem anderen Verein mit karnevalistischen W\u00fcrden ausgestattet. Sie bringen also durchaus Zeit mit, die sie f\u00fcr uns investieren k\u00f6nnen. Wo wir beim gerade beim Investieren sind, der vorsichtige Hinweis, dass es viele Arten gibt, wie man sich einbringen kann. Wurfmaterial wird am Ende des Tages in Euro bezahlt.<\/p>\n\n\n\n<p>Lieber Benjamin, lieber Rolf,<\/p>\n\n\n\n<p>ich freue mich als Euer Freund wirklich von ganzem Herzen, Euch zuk\u00fcnftig als Teil unserer Gemeinschaft zu wissen.<\/p>\n\n\n\n<p>Liebe V\u00f6ll Freud Familie,<\/p>\n\n\n\n<p>es ist mir eine Freude und Ehre zugleich, Euch unsere neuen Ehrensenatoren zu pr\u00e4sentieren.<\/p>\n\n\n\n<p>(es gilt das gesprochene Wort)<\/p>\n","protected":false},"excerpt":{"rendered":"<p>Liebe Freundinnen und Freunde des n\u00e4rrischen Brauchtums, da hat sie wieder begonnen die 5. Jahreszeit. Die jecken Wochen. Die Zeit der Ausgelassenheit, des Frohsinns und der Sitzungen und Umz\u00fcge. Eine Zeit, die Menschen landauf landab begeistert und auch vielfach die Sorgen des Alltags f\u00fcr einen Moment vergessen l\u00e4sst. Die Zeit [&hellip;]<\/p>\n","protected":false},"author":1,"featured_media":1738,"comment_status":"open","ping_status":"open","sticky":false,"template":"","format":"standard","meta":{"footnotes":""},"categories":[246],"tags":[],"class_list":["post-1736","post","type-post","status-publish","format-standard","has-post-thumbnail","hentry","category-rede"],"_links":{"self":[{"href":"https:\/\/daniel-behmenburg.de\/index.php?rest_route=\/wp\/v2\/posts\/1736","targetHints":{"allow":["GET"]}}],"collection":[{"href":"https:\/\/daniel-behmenburg.de\/index.php?rest_route=\/wp\/v2\/posts"}],"about":[{"href":"https:\/\/daniel-behmenburg.de\/index.php?rest_route=\/wp\/v2\/types\/post"}],"author":[{"embeddable":true,"href":"https:\/\/daniel-behmenburg.de\/index.php?rest_route=\/wp\/v2\/users\/1"}],"replies":[{"embeddable":true,"href":"https:\/\/daniel-behmenburg.de\/index.php?rest_route=%2Fwp%2Fv2%2Fcomments&post=1736"}],"version-history":[{"count":3,"href":"https:\/\/daniel-behmenburg.de\/index.php?rest_route=\/wp\/v2\/posts\/1736\/revisions"}],"predecessor-version":[{"id":1742,"href":"https:\/\/daniel-behmenburg.de\/index.php?rest_route=\/wp\/v2\/posts\/1736\/revisions\/1742"}],"wp:featuredmedia":[{"embeddable":true,"href":"https:\/\/daniel-behmenburg.de\/index.php?rest_route=\/wp\/v2\/media\/1738"}],"wp:attachment":[{"href":"https:\/\/daniel-behmenburg.de\/index.php?rest_route=%2Fwp%2Fv2%2Fmedia&parent=1736"}],"wp:term":[{"taxonomy":"category","embeddable":true,"href":"https:\/\/daniel-behmenburg.de\/index.php?rest_route=%2Fwp%2Fv2%2Fcategories&post=1736"},{"taxonomy":"post_tag","embeddable":true,"href":"https:\/\/daniel-behmenburg.de\/index.php?rest_route=%2Fwp%2Fv2%2Ftags&post=1736"}],"curies":[{"name":"wp","href":"https:\/\/api.w.org\/{rel}","templated":true}]}}